{"id":62126,"date":"2018-11-18T21:34:27","date_gmt":"2018-11-19T00:34:27","guid":{"rendered":"http:\/\/portalcatolico.net\/portal\/?p=62126"},"modified":"2018-11-22T21:34:44","modified_gmt":"2018-11-23T00:34:44","slug":"cristo-servo-11-diaconos-permanentes-foram-ordenados-na-manha-de-hoje-17","status":"publish","type":"post","link":"http:\/\/portalcatolico.net\/portal\/cristo-servo-11-diaconos-permanentes-foram-ordenados-na-manha-de-hoje-17\/","title":{"rendered":"Cristo Servo: 11 di\u00e1conos permanentes foram ordenados na manh\u00e3 de hoje (17)"},"content":{"rendered":"<p>A Catedral Bas\u00edlica, localizada no Terreiro de Jesus \u2013 Centro Hist\u00f3rico de Salvador -, ficou lotada na manh\u00e3 deste s\u00e1bado, dia 17 de novembro. In\u00fameros fi\u00e9is aguardavam com ansiedade a Missa, que teve in\u00edcio \u00e0s 9h, e foi presidida pelo Arcebispo de Salvador e Primaz do Brasil, Dom Murilo Krieger, e concelebrada pelos bispos auxiliares Dom Estevam dos Santos Silva Filho e Dom H\u00e9lio Pereira dos Santos; e tamb\u00e9m por padres da Arquidiocese de Salvador.<\/p>\n<p>Foi nesta Celebra\u00e7\u00e3o Eucar\u00edstica, pelas m\u00e3o de Dom Murilo, que 11 homens receberam o diaconato permanente. Foram ordenados&nbsp;Adilson Bonfim Souza Aquino, Carlos Alberto G\u00f3is de Souza, Derivaldo Cavalcante Ramos, Ed\u00e9lio Evandro dos Anjos, Edson Fran\u00e7a, Genaro dos Anjos Azevedo, H\u00e9lio Gomes Silva,&nbsp; Joelson Pomponet de Andrade, Joselito Concei\u00e7\u00e3o Bispo, S\u00e9rgio Roberto Duarte de Assump\u00e7\u00e3o e S\u00edlvio Gomes Ferreira.<a href=\"http:\/\/arquidiocesesalvador.org.br\/cristo-servo-11-diaconos-permanentes-foram-ordenados-na-manha-de-hoje-17\/\">Continue lendo<\/a><\/p>\n","protected":false},"excerpt":{"rendered":"<p>A Catedral Bas\u00edlica, localizada no Terreiro de Jesus \u2013 Centro Hist\u00f3rico de Salvador -, ficou lotada na manh\u00e3 deste s\u00e1bado, dia 17 de novembro. In\u00fameros fi\u00e9is aguardavam com ansiedade a Missa, que teve in\u00edcio \u00e0s 9h, e foi presidida pelo Arcebispo de Salvador e Primaz do Brasil, Dom Murilo Krieger, e concelebrada pelos bispos auxiliares&nbsp;<\/p>\n<p><a class=\"btn btn-style\" href=\"http:\/\/portalcatolico.net\/portal\/cristo-servo-11-diaconos-permanentes-foram-ordenados-na-manha-de-hoje-17\/\">Continue Reading<\/a><\/p>\n","protected":false},"author":2,"featured_media":62127,"comment_status":"open","ping_status":"open","sticky":false,"template":"","format":"standard","meta":{"footnotes":""},"categories":[68],"tags":[],"class_list":["post-62126","post","type-post","status-publish","format-standard","has-post-thumbnail","hentry","category-homilias"],"_links":{"self":[{"href":"http:\/\/portalcatolico.net\/portal\/wp-json\/wp\/v2\/posts\/62126","targetHints":{"allow":["GET"]}}],"collection":[{"href":"http:\/\/portalcatolico.net\/portal\/wp-json\/wp\/v2\/posts"}],"about":[{"href":"http:\/\/portalcatolico.net\/portal\/wp-json\/wp\/v2\/types\/post"}],"author":[{"embeddable":true,"href":"http:\/\/portalcatolico.net\/portal\/wp-json\/wp\/v2\/users\/2"}],"replies":[{"embeddable":true,"href":"http:\/\/portalcatolico.net\/portal\/wp-json\/wp\/v2\/comments?post=62126"}],"version-history":[{"count":1,"href":"http:\/\/portalcatolico.net\/portal\/wp-json\/wp\/v2\/posts\/62126\/revisions"}],"predecessor-version":[{"id":62128,"href":"http:\/\/portalcatolico.net\/portal\/wp-json\/wp\/v2\/posts\/62126\/revisions\/62128"}],"wp:featuredmedia":[{"embeddable":true,"href":"http:\/\/portalcatolico.net\/portal\/wp-json\/wp\/v2\/media\/62127"}],"wp:attachment":[{"href":"http:\/\/portalcatolico.net\/portal\/wp-json\/wp\/v2\/media?parent=62126"}],"wp:term":[{"taxonomy":"category","embeddable":true,"href":"http:\/\/portalcatolico.net\/portal\/wp-json\/wp\/v2\/categories?post=62126"},{"taxonomy":"post_tag","embeddable":true,"href":"http:\/\/portalcatolico.net\/portal\/wp-json\/wp\/v2\/tags?post=62126"}],"curies":[{"name":"wp","href":"https:\/\/api.w.org\/{rel}","templated":true}]}}