{"id":62123,"date":"2018-11-22T19:39:38","date_gmt":"2018-11-22T22:39:38","guid":{"rendered":"http:\/\/portalcatolico.net\/portal\/?p=62123"},"modified":"2018-11-22T19:39:38","modified_gmt":"2018-11-22T22:39:38","slug":"participe-do-triduo-em-homenagem-ao-terco-dos-homens","status":"publish","type":"post","link":"http:\/\/portalcatolico.net\/portal\/participe-do-triduo-em-homenagem-ao-terco-dos-homens\/","title":{"rendered":"Participe do Tr\u00edduo em homenagem ao Ter\u00e7o dos Homens!"},"content":{"rendered":"<p style=\"font-weight: 400;\">O Ter\u00e7o dos Homens da Par\u00f3quia Nossa Senhora das Vit\u00f3rias completa este&nbsp;m\u00eas, 4 anos de exist\u00eancia&nbsp;e miss\u00e3o em Itabuna (BA), e por esse motivo, o grupo&nbsp;est\u00e1 realizando&nbsp;um Tr\u00edduo&nbsp; de 22 a 25 de novembro, que tem como tema central do: &#8220;Maria caminho f\u00e1cil para se chegar a Jesus Cristo&#8221;.&nbsp;&nbsp;&nbsp;&nbsp;&nbsp;&nbsp;&nbsp;&nbsp;&nbsp;&nbsp;&nbsp;&nbsp;&nbsp;<br \/>\n&nbsp;&nbsp;&nbsp;&nbsp;&nbsp;&nbsp;&nbsp;&nbsp;&nbsp;&nbsp;&nbsp;&nbsp;&nbsp;&nbsp;&nbsp;&nbsp;&nbsp;&nbsp;&nbsp;&nbsp;&nbsp;&nbsp;&nbsp;&nbsp;&nbsp;&nbsp;&nbsp;&nbsp;&nbsp;&nbsp;&nbsp;<strong>Confira a programa\u00e7\u00e3o:<\/strong><\/p>\n<p><strong>Dia 22: \u00e0s 18h45<\/strong>&#8211; Ora\u00e7\u00e3o do ter\u00e7o<br \/>\nSanta missa&nbsp; com a b\u00ean\u00e7\u00e3o do Sant\u00edssimo Sacramento.<br \/>\nTema: &#8220;Maria porta do c\u00e9u&#8221;<br \/>\nPregador da noite: Di\u00e1cono Erisvaldo<\/p>\n<p><strong>Dia 23: \u00e0s 18h45<\/strong>&#8211; Ora\u00e7\u00e3o do Ter\u00e7o<br \/>\nAdora\u00e7\u00e3o com Artur Giovanni e Banda.<br \/>\nTema: Maria Advogada Nossa.<br \/>\nPregador: Messias Gon\u00e7alves<\/p>\n<p><strong>Dia 24: \u00e0s 19h<\/strong>&#8211; Ora\u00e7\u00e3o do Ter\u00e7o<br \/>\nTema: Maria M\u00e3e de Deus e da Igreja, Intercessora dos fieis!<br \/>\nPregador: Artur Giovanni<br \/>\nMomento de louvor com Minist\u00e9rio de M\u00fasica Theou<\/p>\n<p style=\"font-weight: 400;\"><strong>Dia 25: \u00e0s&nbsp;19h<\/strong><br \/>\nSolenidade de Cristo Rei do Universo!<\/p>\n<p>Os grupos do Ter\u00e7o dos Homens, que t\u00eam crescido muito nos \u00faltimos anos,&nbsp;mostram que a devo\u00e7\u00e3o a Nossa Senhora n\u00e3o \u00e9 s\u00f3 para as mulheres. Basta&nbsp;recordarmos que o Santo Ros\u00e1rio foi revelado pela Virgem Maria a um&nbsp;homem: S\u00e3o Domingos de Gusm\u00e3o, que foi o grande propagador desta devo\u00e7\u00e3o&nbsp;<br \/>\nmariana na Igreja. Outros grandes homens foram propagadores desta&nbsp;devo\u00e7\u00e3o, como o Papa Le\u00e3o XIII, que escreveu 26 Enc\u00edclicas sobre o Santo&nbsp;Ros\u00e1rio, e S\u00e3o Jo\u00e3o Paulo II, autor da magn\u00edfica Carta Apost\u00f3lica&nbsp;Rosarium Virginis Mariae, que incluiu a medita\u00e7\u00e3o dos Mist\u00e9rios da Luz&nbsp;ao Ros\u00e1rio. Por todo mundo, um n\u00famero cada vez maior de comunidades tem&nbsp;incorporado o Ter\u00e7o dos Homens em suas atividades pastorais. Al\u00e9m disso,&nbsp;aumenta cada vez mais o n\u00famero de homens que tomam a decis\u00e3o de se&nbsp;reunir para rezar o Ter\u00e7o, uma vez por semana, \u00e0s vezes at\u00e9 mesmo&nbsp;diariamente, em fam\u00edlia ou ainda sozinhos. (Fonte: Can\u00e7\u00e3o Nova)<\/p>\n<p><br style=\"font-weight: 400;\"><br style=\"font-weight: 400;\"><br style=\"font-weight: 400;\"><\/p>\n<p>&nbsp;<\/p>\n","protected":false},"excerpt":{"rendered":"<p>O Ter\u00e7o dos Homens da Par\u00f3quia Nossa Senhora das Vit\u00f3rias completa este&nbsp;m\u00eas, 4 anos de exist\u00eancia&nbsp;e miss\u00e3o em Itabuna (BA), e por esse motivo, o grupo&nbsp;est\u00e1 realizando&nbsp;um Tr\u00edduo&nbsp; de 22 a 25 de novembro, que tem como tema central do: &#8220;Maria caminho f\u00e1cil para se chegar a Jesus Cristo&#8221;.&nbsp;&nbsp;&nbsp;&nbsp;&nbsp;&nbsp;&nbsp;&nbsp;&nbsp;&nbsp;&nbsp;&nbsp;&nbsp; &nbsp;&nbsp;&nbsp;&nbsp;&nbsp;&nbsp;&nbsp;&nbsp;&nbsp;&nbsp;&nbsp;&nbsp;&nbsp;&nbsp;&nbsp;&nbsp;&nbsp;&nbsp;&nbsp;&nbsp;&nbsp;&nbsp;&nbsp;&nbsp;&nbsp;&nbsp;&nbsp;&nbsp;&nbsp;&nbsp;&nbsp;Confira a programa\u00e7\u00e3o: Dia 22: \u00e0s&nbsp;<\/p>\n<p><a class=\"btn btn-style\" href=\"http:\/\/portalcatolico.net\/portal\/participe-do-triduo-em-homenagem-ao-terco-dos-homens\/\">Continue Reading<\/a><\/p>\n","protected":false},"author":2,"featured_media":62124,"comment_status":"open","ping_status":"open","sticky":false,"template":"","format":"standard","meta":{"footnotes":""},"categories":[1],"tags":[],"class_list":["post-62123","post","type-post","status-publish","format-standard","has-post-thumbnail","hentry","category-agenda"],"_links":{"self":[{"href":"http:\/\/portalcatolico.net\/portal\/wp-json\/wp\/v2\/posts\/62123","targetHints":{"allow":["GET"]}}],"collection":[{"href":"http:\/\/portalcatolico.net\/portal\/wp-json\/wp\/v2\/posts"}],"about":[{"href":"http:\/\/portalcatolico.net\/portal\/wp-json\/wp\/v2\/types\/post"}],"author":[{"embeddable":true,"href":"http:\/\/portalcatolico.net\/portal\/wp-json\/wp\/v2\/users\/2"}],"replies":[{"embeddable":true,"href":"http:\/\/portalcatolico.net\/portal\/wp-json\/wp\/v2\/comments?post=62123"}],"version-history":[{"count":1,"href":"http:\/\/portalcatolico.net\/portal\/wp-json\/wp\/v2\/posts\/62123\/revisions"}],"predecessor-version":[{"id":62125,"href":"http:\/\/portalcatolico.net\/portal\/wp-json\/wp\/v2\/posts\/62123\/revisions\/62125"}],"wp:featuredmedia":[{"embeddable":true,"href":"http:\/\/portalcatolico.net\/portal\/wp-json\/wp\/v2\/media\/62124"}],"wp:attachment":[{"href":"http:\/\/portalcatolico.net\/portal\/wp-json\/wp\/v2\/media?parent=62123"}],"wp:term":[{"taxonomy":"category","embeddable":true,"href":"http:\/\/portalcatolico.net\/portal\/wp-json\/wp\/v2\/categories?post=62123"},{"taxonomy":"post_tag","embeddable":true,"href":"http:\/\/portalcatolico.net\/portal\/wp-json\/wp\/v2\/tags?post=62123"}],"curies":[{"name":"wp","href":"https:\/\/api.w.org\/{rel}","templated":true}]}}