{"id":62120,"date":"2018-11-22T19:04:08","date_gmt":"2018-11-22T22:04:08","guid":{"rendered":"http:\/\/portalcatolico.net\/portal\/?p=62120"},"modified":"2018-11-22T19:04:08","modified_gmt":"2018-11-22T22:04:08","slug":"programa-da-viagem-apostolica-do-papa-para-a-jmj-2019-do-panama","status":"publish","type":"post","link":"http:\/\/portalcatolico.net\/portal\/programa-da-viagem-apostolica-do-papa-para-a-jmj-2019-do-panama\/","title":{"rendered":"Programa da Viagem Apost\u00f3lica do Papa para a JMJ-2019 do Panam\u00e1"},"content":{"rendered":"<p>XXXIV Jornada Mundial da Juventude (JMJ) ir\u00e1 se realizar no Panam\u00e1. A viagem apost\u00f3lica internacional do Papa Francisco ao pa\u00eds centro-americano se dar\u00e1 de 23 a 28 de janeiro. Programa foi divulgado esta ter\u00e7a-feira pela Sala de Imprensa da Santa S\u00e9.<br \/>\nRaimundo de Lima &#8211; Cidade do Vaticano<\/p>\n<p>A Sala de Imprensa da Santa S\u00e9 divulgou na tarde desta ter\u00e7a-feira (20\/11) o programa da Viagem Apost\u00f3lica do Papa Francisco ao Panam\u00e1, que se realizar\u00e1 de 23 a 28 de janeiro de 2019, por ocasi\u00e3o da Jornada Mundial da Juventude (JMJ), em Cidade do Panam\u00e1, capital do pa\u00eds centro-americano.<\/p>\n<p>O Santo Padre partir\u00e1 na quarta-feira, 23 de janeiro, \u00e0s 9h35 locais, do aeroporto romano Fiumicino, com o avi\u00e3o A330 da companhia a\u00e9rea Alitalia com destino ao aeroporto internacional Tocumen do Panam\u00e1, aonde dever\u00e1 chegar por volta das 16h30 locais ap\u00f3s percorrer 9.500 Km com dura\u00e7\u00e3o da viagem prevista em 12h55. Ap\u00f3s receber brevemente o acolhimento oficial, se transferir\u00e1 imediatamente para a nunciatura apost\u00f3lica.<\/p>\n<p><strong>Cerim\u00f4nia de Boas-vindas<\/strong><\/p>\n<p>Na quinta-feira, 24 de janeiro, \u00e0s 9h45 locais ter\u00e1 lugar, na entrada principal da Presid\u00eancia da Rep\u00fablica \u2013 Pal\u00e1cio das Gar\u00e7as, a Cerim\u00f4nia de Boas-vindas, seguida da visita de cortesia ao Presidente da Rep\u00fablica.<\/p>\n<p>\u00c0s 10h40, no Pal\u00e1cio Bol\u00edvar \u2013 sede do Minist\u00e9rio das Rela\u00e7\u00f5es Exteriores \u2013, encontro com as Autoridades, com o Corpo Diplom\u00e1tico e com Representantes da sociedade civil, no qual proferir\u00e1 seu primeiro discurso em terras panamenhas.<\/p>\n<p><strong>Cerim\u00f4nia de Acolhimento e Abertura da JMJ<\/strong><\/p>\n<p>Em seguida, \u00e0s 11h15, encontro com os bispos centro-americanos, na igreja de S\u00e3o Francisco de Assis, no qual far\u00e1 um discurso ao episcopado.<\/p>\n<p>\u00c0s 17h30 locais ter\u00e1 lugar no Campo Santa Maria la Antigua \u2013 Cinta Costera, a Cerim\u00f4nia de Acolhimento e Abertura da JMJ, com discurso do Pont\u00edfice.<\/p>\n<p><strong>Liturgia penitencial com jovens reclusos<\/strong><\/p>\n<p>Na sexta-feira, 25 de janeiro, \u00e0s 10h30, liturgia penitencial, com homilia do Santo Padre, celebrada com jovens reclusos do Centro Correcional de Menores Las Gar\u00e7as de Pacora, localidade situada a 46 Km de Cidade do Panam\u00e1.<\/p>\n<p><strong>Via-Sacra com os jovens da JMJ<\/strong><\/p>\n<p>\u00c0s 11h50, retorno de helic\u00f3ptero \u00e0 nunciatura apost\u00f3lica. Na parte da tarde, \u00e0s 17h30 locais, ter\u00e1 lugar no Campo Santa Marta la Antigua \u2013 Cinta Costera, a Via-Sacra com os jovens, com discurso do Papa Francisco.<\/p>\n<p><strong>Vig\u00edlia com os jovens no Campo S\u00e3o Jo\u00e3o Paulo II<\/strong><\/p>\n<p>No s\u00e1bado, 26 de janeiro, \u00e0s 9h15, Santa Missa com homilia do Pont\u00edfice na dedica\u00e7\u00e3o do altar da Catedral-Bas\u00edlica de Santa Maria la Antigua, celebrada com sacerdotes, consagrados e movimentos leigos. \u00c0s 12h15, almo\u00e7o com os jovens no Semin\u00e1rio Maior S\u00e3o Jos\u00e9. \u00c0s 18h30, Vig\u00edlia com os jovens no Campo S\u00e3o Jo\u00e3o Paulo II \u2013 Metro Park, com discurso do Papa.<\/p>\n<p><strong>Missa conclusiva da JMJ<\/strong><\/p>\n<p>No domingo, 27 de janeiro, \u00e0s 8h locais, Santa Missa com homilia de Francisco na celebra\u00e7\u00e3o de encerramento da Jornada Mundial da Juventude, no Campo S\u00e3o Jo\u00e3o Paulo II \u2013 Metro Park. \u00c0s 10h45, visita \u00e0 Casa Lar do Bom Samaritano, na qual o Santo Padre far\u00e1 um discurso.<\/p>\n<p><strong>Encontro com os volunt\u00e1rios da JMJ<\/strong><\/p>\n<p>\u00c0s 16h30, encontro com os volunt\u00e1rios da JMJ, no Est\u00e1dio Rommel Fern\u00e1ndez, no qual Francisco far\u00e1 seu \u00faltimo discurso em terras panamenhas. Em seguida, \u00e0s 18h locais, a breve cerim\u00f4nia de despedida no Aeroporto Internacional do Panam\u00e1.<\/p>\n<p><strong>Retorno ao Vaticano, chegada 28 de janeiro<\/strong><\/p>\n<p>\u00c0s 18h15 locais, partida de retorno para a It\u00e1lia com o avi\u00e3o B787 da companhia a\u00e9rea Avianca. Os 9.500 Km ser\u00e3o percorridos em 11h35, com chegada ao aeroporto romano Ciampino prevista para as 11h50 locais de segunda-feira, 28 de janeiro.<\/p>\n<p>Fonte e foto: Vatican News<\/p>\n","protected":false},"excerpt":{"rendered":"<p>XXXIV Jornada Mundial da Juventude (JMJ) ir\u00e1 se realizar no Panam\u00e1. A viagem apost\u00f3lica internacional do Papa Francisco ao pa\u00eds centro-americano se dar\u00e1 de 23 a 28 de janeiro. Programa foi divulgado esta ter\u00e7a-feira pela Sala de Imprensa da Santa S\u00e9. Raimundo de Lima &#8211; Cidade do Vaticano A Sala de Imprensa da Santa S\u00e9&nbsp;<\/p>\n<p><a class=\"btn btn-style\" href=\"http:\/\/portalcatolico.net\/portal\/programa-da-viagem-apostolica-do-papa-para-a-jmj-2019-do-panama\/\">Continue Reading<\/a><\/p>\n","protected":false},"author":2,"featured_media":62121,"comment_status":"open","ping_status":"open","sticky":false,"template":"","format":"standard","meta":{"footnotes":""},"categories":[5],"tags":[],"class_list":["post-62120","post","type-post","status-publish","format-standard","has-post-thumbnail","hentry","category-igreja_no_mundo"],"_links":{"self":[{"href":"http:\/\/portalcatolico.net\/portal\/wp-json\/wp\/v2\/posts\/62120","targetHints":{"allow":["GET"]}}],"collection":[{"href":"http:\/\/portalcatolico.net\/portal\/wp-json\/wp\/v2\/posts"}],"about":[{"href":"http:\/\/portalcatolico.net\/portal\/wp-json\/wp\/v2\/types\/post"}],"author":[{"embeddable":true,"href":"http:\/\/portalcatolico.net\/portal\/wp-json\/wp\/v2\/users\/2"}],"replies":[{"embeddable":true,"href":"http:\/\/portalcatolico.net\/portal\/wp-json\/wp\/v2\/comments?post=62120"}],"version-history":[{"count":1,"href":"http:\/\/portalcatolico.net\/portal\/wp-json\/wp\/v2\/posts\/62120\/revisions"}],"predecessor-version":[{"id":62122,"href":"http:\/\/portalcatolico.net\/portal\/wp-json\/wp\/v2\/posts\/62120\/revisions\/62122"}],"wp:featuredmedia":[{"embeddable":true,"href":"http:\/\/portalcatolico.net\/portal\/wp-json\/wp\/v2\/media\/62121"}],"wp:attachment":[{"href":"http:\/\/portalcatolico.net\/portal\/wp-json\/wp\/v2\/media?parent=62120"}],"wp:term":[{"taxonomy":"category","embeddable":true,"href":"http:\/\/portalcatolico.net\/portal\/wp-json\/wp\/v2\/categories?post=62120"},{"taxonomy":"post_tag","embeddable":true,"href":"http:\/\/portalcatolico.net\/portal\/wp-json\/wp\/v2\/tags?post=62120"}],"curies":[{"name":"wp","href":"https:\/\/api.w.org\/{rel}","templated":true}]}}