{"id":62080,"date":"2018-11-20T22:48:53","date_gmt":"2018-11-21T01:48:53","guid":{"rendered":"https:\/\/portalcatolico.net\/portal\/?p=62080"},"modified":"2018-11-20T22:49:50","modified_gmt":"2018-11-21T01:49:50","slug":"pastoral-familiar-de-paroquia-em-itabuna-elege-nova-coordenacao","status":"publish","type":"post","link":"http:\/\/portalcatolico.net\/portal\/pastoral-familiar-de-paroquia-em-itabuna-elege-nova-coordenacao\/","title":{"rendered":"Pastoral Familiar de Par\u00f3quia em Itabuna elege nova coordena\u00e7\u00e3o"},"content":{"rendered":"<p style=\"font-weight: 400;\"><img loading=\"lazy\" decoding=\"async\" class=\"size-medium wp-image-62083 alignleft\" src=\"https:\/\/portalcatolico.net\/portal\/wp-content\/uploads\/2018\/11\/DSCN9572-300x225.jpg\" alt=\"\" width=\"300\" height=\"225\" srcset=\"http:\/\/portalcatolico.net\/portal\/wp-content\/uploads\/2018\/11\/DSCN9572-300x225.jpg 300w, http:\/\/portalcatolico.net\/portal\/wp-content\/uploads\/2018\/11\/DSCN9572-768x576.jpg 768w, http:\/\/portalcatolico.net\/portal\/wp-content\/uploads\/2018\/11\/DSCN9572.jpg 800w\" sizes=\"auto, (max-width: 300px) 100vw, 300px\" \/>A Pastoral Familiar da Par\u00f3quia Santa Rita de C\u00e1ssia&nbsp; tem nova&nbsp;coordena\u00e7\u00e3o a partir de 2019. Em reuni\u00e3o realizada nesta ter\u00e7a-feira, 20&nbsp;de novembro, no sal\u00e3o paroquial&nbsp; da igreja matriz, \u00e0s 19h50, &nbsp;foi&nbsp;&nbsp;escolhido o novo&nbsp; casal coordenador&nbsp;paroquial: Bruno Souza Neves&nbsp;e Dayse Leandra Neves. Eles ficar\u00e3o no cargo por dois anos.<\/p>\n<p style=\"font-weight: 400;\">Na oportunidade, Dayse disse: &#8220;Com pouco tempo de experi\u00eancia, n\u00f3s temos uma espiritualidade muito grande com Deus e n\u00f3s n\u00e3o vamos decepcionar Deus. Porque n\u00f3s aceitamos essa miss\u00e3o por conta Dele!&#8221;<br \/>\nAl\u00e9m de Bruno e Dayse, a equipe paroquial tamb\u00e9m ter\u00e1 novos casais nas&nbsp;fun\u00e7\u00f5es de vice-coordenadores (Marcos M. Santos e Aurucelia Oliveira&nbsp;Souza), tesoureiros ( Francisco de Assis Bispo dos Santos e Maria de&nbsp;F\u00e1tima da Silva Oliveira), secret\u00e1rias (\u00c2ngela Maria Rosa&nbsp;Ferreira dos Santos e No\u00e9lia R. Ribeiro Barreto).<\/p>\n<p style=\"font-weight: 400;\">Participaram da vota\u00e7\u00e3o 37 agentes de pastorais, alguns com&nbsp; mais de 20 anos de atua\u00e7\u00e3o.<\/p>\n<p style=\"font-weight: 400;\">A posse e a presta\u00e7\u00e3o de contas acontecem dia 21 de dezembro na&nbsp;igreja matriz de Santa Rita de C\u00e1ssia.<\/p>\n","protected":false},"excerpt":{"rendered":"<p>A Pastoral Familiar da Par\u00f3quia Santa Rita de C\u00e1ssia&nbsp; tem nova&nbsp;coordena\u00e7\u00e3o a partir de 2019. Em reuni\u00e3o realizada nesta ter\u00e7a-feira, 20&nbsp;de novembro, no sal\u00e3o paroquial&nbsp; da igreja matriz, \u00e0s 19h50, &nbsp;foi&nbsp;&nbsp;escolhido o novo&nbsp; casal coordenador&nbsp;paroquial: Bruno Souza Neves&nbsp;e Dayse Leandra Neves. Eles ficar\u00e3o no cargo por dois anos. Na oportunidade, Dayse disse: &#8220;Com pouco tempo&nbsp;<\/p>\n<p><a class=\"btn btn-style\" href=\"http:\/\/portalcatolico.net\/portal\/pastoral-familiar-de-paroquia-em-itabuna-elege-nova-coordenacao\/\">Continue Reading<\/a><\/p>\n","protected":false},"author":2,"featured_media":62081,"comment_status":"open","ping_status":"open","sticky":false,"template":"","format":"standard","meta":{"footnotes":""},"categories":[65],"tags":[],"class_list":["post-62080","post","type-post","status-publish","format-standard","has-post-thumbnail","hentry","category-entrevistas"],"_links":{"self":[{"href":"http:\/\/portalcatolico.net\/portal\/wp-json\/wp\/v2\/posts\/62080","targetHints":{"allow":["GET"]}}],"collection":[{"href":"http:\/\/portalcatolico.net\/portal\/wp-json\/wp\/v2\/posts"}],"about":[{"href":"http:\/\/portalcatolico.net\/portal\/wp-json\/wp\/v2\/types\/post"}],"author":[{"embeddable":true,"href":"http:\/\/portalcatolico.net\/portal\/wp-json\/wp\/v2\/users\/2"}],"replies":[{"embeddable":true,"href":"http:\/\/portalcatolico.net\/portal\/wp-json\/wp\/v2\/comments?post=62080"}],"version-history":[{"count":2,"href":"http:\/\/portalcatolico.net\/portal\/wp-json\/wp\/v2\/posts\/62080\/revisions"}],"predecessor-version":[{"id":62084,"href":"http:\/\/portalcatolico.net\/portal\/wp-json\/wp\/v2\/posts\/62080\/revisions\/62084"}],"wp:featuredmedia":[{"embeddable":true,"href":"http:\/\/portalcatolico.net\/portal\/wp-json\/wp\/v2\/media\/62081"}],"wp:attachment":[{"href":"http:\/\/portalcatolico.net\/portal\/wp-json\/wp\/v2\/media?parent=62080"}],"wp:term":[{"taxonomy":"category","embeddable":true,"href":"http:\/\/portalcatolico.net\/portal\/wp-json\/wp\/v2\/categories?post=62080"},{"taxonomy":"post_tag","embeddable":true,"href":"http:\/\/portalcatolico.net\/portal\/wp-json\/wp\/v2\/tags?post=62080"}],"curies":[{"name":"wp","href":"https:\/\/api.w.org\/{rel}","templated":true}]}}