{"id":62077,"date":"2018-11-20T22:27:35","date_gmt":"2018-11-21T01:27:35","guid":{"rendered":"https:\/\/portalcatolico.net\/portal\/?p=62077"},"modified":"2018-11-20T23:07:11","modified_gmt":"2018-11-21T02:07:11","slug":"convite-celebracao-de-aniversario-sacerdotal-de-padre-em-ibicarai","status":"publish","type":"post","link":"http:\/\/portalcatolico.net\/portal\/convite-celebracao-de-aniversario-sacerdotal-de-padre-em-ibicarai\/","title":{"rendered":"Convite: celebra\u00e7\u00e3o de anivers\u00e1rio sacerdotal de padre em Ibicara\u00ed"},"content":{"rendered":"<div dir=\"auto\">Paroquianos da Par\u00f3quia Senhor Deus Menino de Ibicara\u00ed (BA) convida todos os fieis para celebrar o anivers\u00e1rio sacerdotal do Pe. Wesley Concei\u00e7\u00e3o. S\u00e3o oito anos da sua dedica\u00e7\u00e3o e miss\u00e3o ao Reino de Deus.&nbsp;<\/div>\n<div dir=\"auto\">A santa missa acontecer\u00e1 nesta quinta-feira, dia 22 de novembro, \u00e0s 19h, na par\u00f3quia Senhor Deus Menino.&nbsp;<\/div>\n<div dir=\"auto\">Acompanhe tudo na p\u00e1gina do Facebook da par\u00f3quia. Confira no link a seguir: <a href=\"https:\/\/www.facebook.com\/paroquiaibicarai\/\">https:\/\/www.facebook.com\/paroquiaibicarai\/&nbsp;<\/a><\/div>\n","protected":false},"excerpt":{"rendered":"<p>Paroquianos da Par\u00f3quia Senhor Deus Menino de Ibicara\u00ed (BA) convida todos os fieis para celebrar o anivers\u00e1rio sacerdotal do Pe. Wesley Concei\u00e7\u00e3o. S\u00e3o oito anos da sua dedica\u00e7\u00e3o e miss\u00e3o ao Reino de Deus.&nbsp; A santa missa acontecer\u00e1 nesta quinta-feira, dia 22 de novembro, \u00e0s 19h, na par\u00f3quia Senhor Deus Menino.&nbsp; Acompanhe tudo na p\u00e1gina&nbsp;<\/p>\n<p><a class=\"btn btn-style\" href=\"http:\/\/portalcatolico.net\/portal\/convite-celebracao-de-aniversario-sacerdotal-de-padre-em-ibicarai\/\">Continue Reading<\/a><\/p>\n","protected":false},"author":2,"featured_media":62078,"comment_status":"open","ping_status":"open","sticky":false,"template":"","format":"standard","meta":{"footnotes":""},"categories":[1],"tags":[],"class_list":["post-62077","post","type-post","status-publish","format-standard","has-post-thumbnail","hentry","category-agenda"],"_links":{"self":[{"href":"http:\/\/portalcatolico.net\/portal\/wp-json\/wp\/v2\/posts\/62077","targetHints":{"allow":["GET"]}}],"collection":[{"href":"http:\/\/portalcatolico.net\/portal\/wp-json\/wp\/v2\/posts"}],"about":[{"href":"http:\/\/portalcatolico.net\/portal\/wp-json\/wp\/v2\/types\/post"}],"author":[{"embeddable":true,"href":"http:\/\/portalcatolico.net\/portal\/wp-json\/wp\/v2\/users\/2"}],"replies":[{"embeddable":true,"href":"http:\/\/portalcatolico.net\/portal\/wp-json\/wp\/v2\/comments?post=62077"}],"version-history":[{"count":2,"href":"http:\/\/portalcatolico.net\/portal\/wp-json\/wp\/v2\/posts\/62077\/revisions"}],"predecessor-version":[{"id":62085,"href":"http:\/\/portalcatolico.net\/portal\/wp-json\/wp\/v2\/posts\/62077\/revisions\/62085"}],"wp:featuredmedia":[{"embeddable":true,"href":"http:\/\/portalcatolico.net\/portal\/wp-json\/wp\/v2\/media\/62078"}],"wp:attachment":[{"href":"http:\/\/portalcatolico.net\/portal\/wp-json\/wp\/v2\/media?parent=62077"}],"wp:term":[{"taxonomy":"category","embeddable":true,"href":"http:\/\/portalcatolico.net\/portal\/wp-json\/wp\/v2\/categories?post=62077"},{"taxonomy":"post_tag","embeddable":true,"href":"http:\/\/portalcatolico.net\/portal\/wp-json\/wp\/v2\/tags?post=62077"}],"curies":[{"name":"wp","href":"https:\/\/api.w.org\/{rel}","templated":true}]}}