{"id":62074,"date":"2018-11-20T22:14:32","date_gmt":"2018-11-21T01:14:32","guid":{"rendered":"https:\/\/portalcatolico.net\/portal\/?p=62074"},"modified":"2018-11-20T22:14:32","modified_gmt":"2018-11-21T01:14:32","slug":"arquidiocese-de-singapura-amplia-para-um-ano-o-tempo-de-preparacao-para-o-sacramento-do-matrimonio","status":"publish","type":"post","link":"http:\/\/portalcatolico.net\/portal\/arquidiocese-de-singapura-amplia-para-um-ano-o-tempo-de-preparacao-para-o-sacramento-do-matrimonio\/","title":{"rendered":"Arquidiocese de Singapura amplia para um ano o tempo de prepara\u00e7\u00e3o para o sacramento do Matrim\u00f4nio"},"content":{"rendered":"<p>Dom William Goh, Arcebispo de Singapura, introduziu uma nova pol\u00edtica local com o objetivo de que os casais que aspiram ao sacramento do Matrim\u00f4nio dediquem um tempo suficiente \u00e0 prepara\u00e7\u00e3o do mesmo. Depois de discutir a possibilidade com os sacerdotes locais, o prelado decretou que os casais das 32 par\u00f3quias locais devem reservar a data de seu casamento ao menos um ano antes de sua realiza\u00e7\u00e3o.<\/p>\n<p>A norma muda a pol\u00edtica atual, que requeria informar \u00e0 Igreja sobre a inten\u00e7\u00e3o dos aspirantes com um per\u00edodo de seis meses de antecipa\u00e7\u00e3o \u00e0 realiza\u00e7\u00e3o do Sacramento. O an\u00fancio corresponde \u00e0 primeira de v\u00e1rias reformas que ser\u00e3o introduzidas na prepara\u00e7\u00e3o do Sacramento do matrim\u00f4nio, segundo fontes arquidiocesanas, tomada com o fim de que os cat\u00f3licos se preparem adequadamente para um compromisso t\u00e3o importante em sua vida. &#8220;Isto marca o in\u00edcio de um caminho que a Igreja e o casal empreendem juntos para prepar\u00e1-los para seu compromisso m\u00fatuo&#8221;, explicou um porta-voz da Arquidiocese ao &#8216;Straight Times&#8217;.<\/p>\n<p>Por enquanto, os casais dever\u00e3o realizar o mesmo programa de forma\u00e7\u00e3o que tem sido realizado antes, o qual inclui um curso de prepara\u00e7\u00e3o matrimonial e uma reuni\u00e3o com o sacerdote que presidir\u00e1 a celebra\u00e7\u00e3o. A Arquidiocese continuar\u00e1 o processo de consulta com o Senado de Sacerdotes para continuar a reforma das pol\u00edticas recomendadas atualmente em prepara\u00e7\u00e3o ao Matrim\u00f4nio.<\/p>\n<p>&#8220;Na minha opini\u00e3o, a taxa de div\u00f3rcio \u00e9 muito alta e acredito que a Igreja est\u00e1 buscando formas para ajudar os casais para que tenham um discernimento mais aprofundado sobre se a pessoa que querem levar ao altar \u00e9 a apropriada&#8221;, comentou Daniel Seah, cat\u00f3lico local que planeja seu casamento para 2020 e que rejeitou a possibilidade de que a pol\u00edtica seja considerada exagerada pelos fi\u00e9is. &#8220;Inclusive quando voc\u00ea reserva um hotel (para um casamento) pode ter que agendar com um ano de anteced\u00eancia e ningu\u00e9m se queixa por isto&#8221;.(Gaudium Press)<\/p>\n","protected":false},"excerpt":{"rendered":"<p>Dom William Goh, Arcebispo de Singapura, introduziu uma nova pol\u00edtica local com o objetivo de que os casais que aspiram ao sacramento do Matrim\u00f4nio dediquem um tempo suficiente \u00e0 prepara\u00e7\u00e3o do mesmo. Depois de discutir a possibilidade com os sacerdotes locais, o prelado decretou que os casais das 32 par\u00f3quias locais devem reservar a data&nbsp;<\/p>\n<p><a class=\"btn btn-style\" href=\"http:\/\/portalcatolico.net\/portal\/arquidiocese-de-singapura-amplia-para-um-ano-o-tempo-de-preparacao-para-o-sacramento-do-matrimonio\/\">Continue Reading<\/a><\/p>\n","protected":false},"author":2,"featured_media":62075,"comment_status":"open","ping_status":"open","sticky":false,"template":"","format":"standard","meta":{"footnotes":""},"categories":[5],"tags":[],"class_list":["post-62074","post","type-post","status-publish","format-standard","has-post-thumbnail","hentry","category-igreja_no_mundo"],"_links":{"self":[{"href":"http:\/\/portalcatolico.net\/portal\/wp-json\/wp\/v2\/posts\/62074","targetHints":{"allow":["GET"]}}],"collection":[{"href":"http:\/\/portalcatolico.net\/portal\/wp-json\/wp\/v2\/posts"}],"about":[{"href":"http:\/\/portalcatolico.net\/portal\/wp-json\/wp\/v2\/types\/post"}],"author":[{"embeddable":true,"href":"http:\/\/portalcatolico.net\/portal\/wp-json\/wp\/v2\/users\/2"}],"replies":[{"embeddable":true,"href":"http:\/\/portalcatolico.net\/portal\/wp-json\/wp\/v2\/comments?post=62074"}],"version-history":[{"count":1,"href":"http:\/\/portalcatolico.net\/portal\/wp-json\/wp\/v2\/posts\/62074\/revisions"}],"predecessor-version":[{"id":62076,"href":"http:\/\/portalcatolico.net\/portal\/wp-json\/wp\/v2\/posts\/62074\/revisions\/62076"}],"wp:featuredmedia":[{"embeddable":true,"href":"http:\/\/portalcatolico.net\/portal\/wp-json\/wp\/v2\/media\/62075"}],"wp:attachment":[{"href":"http:\/\/portalcatolico.net\/portal\/wp-json\/wp\/v2\/media?parent=62074"}],"wp:term":[{"taxonomy":"category","embeddable":true,"href":"http:\/\/portalcatolico.net\/portal\/wp-json\/wp\/v2\/categories?post=62074"},{"taxonomy":"post_tag","embeddable":true,"href":"http:\/\/portalcatolico.net\/portal\/wp-json\/wp\/v2\/tags?post=62074"}],"curies":[{"name":"wp","href":"https:\/\/api.w.org\/{rel}","templated":true}]}}