{"id":62068,"date":"2018-11-20T06:24:53","date_gmt":"2018-11-20T09:24:53","guid":{"rendered":"https:\/\/portalcatolico.net\/portal\/?p=62068"},"modified":"2018-11-20T06:28:08","modified_gmt":"2018-11-20T09:28:08","slug":"vem-ai-a-festa-de-nossa-senhora-da-conceicao","status":"publish","type":"post","link":"http:\/\/portalcatolico.net\/portal\/vem-ai-a-festa-de-nossa-senhora-da-conceicao\/","title":{"rendered":"Vem a\u00ed a Festa de Nossa Senhora da Concei\u00e7\u00e3o"},"content":{"rendered":"<div dir=\"auto\">Em todo o Brasil, no dia 8 de dezembro, ser\u00e1 celebrada a Festa de Nossa Senhora da Concei\u00e7\u00e3o, padroeira de milhares de par\u00f3quias,dioceses&nbsp; e comunidades espalhadas por todo o pa\u00eds.&nbsp;<\/div>\n<div dir=\"auto\">Na Diocese de Itabuna s\u00e3o tr\u00eas par\u00f3quias que t\u00eam Nossa Senhora da Concei\u00e7\u00e3o como sua padroeira. Duas em Itabuna e uma em Arataca.<\/div>\n<div dir=\"auto\">O noven\u00e1rio tem inicio dia 29 de novembro e segue at\u00e9 o dia 08 de dezembro. Os festejos de Nossa Senhora s\u00e3o um dos mais aguardados do m\u00eas de dezembro.&nbsp;<\/div>\n<div dir=\"auto\">Fi\u00e9is cat\u00f3licos de v\u00e1rias comunidades ir\u00e3o se dedicar com muito amor e carinho para contribuir de diversas formas na realiza\u00e7\u00e3o dessa linda festa. Participe!<\/div>\n<div dir=\"auto\">&nbsp;<\/div>\n<div dir=\"auto\">Foto:Divulga\u00e7\u00e3o<\/div>\n","protected":false},"excerpt":{"rendered":"<p>Em todo o Brasil, no dia 8 de dezembro, ser\u00e1 celebrada a Festa de Nossa Senhora da Concei\u00e7\u00e3o, padroeira de milhares de par\u00f3quias,dioceses&nbsp; e comunidades espalhadas por todo o pa\u00eds.&nbsp; Na Diocese de Itabuna s\u00e3o tr\u00eas par\u00f3quias que t\u00eam Nossa Senhora da Concei\u00e7\u00e3o como sua padroeira. Duas em Itabuna e uma em Arataca. O noven\u00e1rio&nbsp;<\/p>\n<p><a class=\"btn btn-style\" href=\"http:\/\/portalcatolico.net\/portal\/vem-ai-a-festa-de-nossa-senhora-da-conceicao\/\">Continue Reading<\/a><\/p>\n","protected":false},"author":2,"featured_media":62071,"comment_status":"open","ping_status":"open","sticky":false,"template":"","format":"standard","meta":{"footnotes":""},"categories":[1],"tags":[],"class_list":["post-62068","post","type-post","status-publish","format-standard","has-post-thumbnail","hentry","category-agenda"],"_links":{"self":[{"href":"http:\/\/portalcatolico.net\/portal\/wp-json\/wp\/v2\/posts\/62068","targetHints":{"allow":["GET"]}}],"collection":[{"href":"http:\/\/portalcatolico.net\/portal\/wp-json\/wp\/v2\/posts"}],"about":[{"href":"http:\/\/portalcatolico.net\/portal\/wp-json\/wp\/v2\/types\/post"}],"author":[{"embeddable":true,"href":"http:\/\/portalcatolico.net\/portal\/wp-json\/wp\/v2\/users\/2"}],"replies":[{"embeddable":true,"href":"http:\/\/portalcatolico.net\/portal\/wp-json\/wp\/v2\/comments?post=62068"}],"version-history":[{"count":4,"href":"http:\/\/portalcatolico.net\/portal\/wp-json\/wp\/v2\/posts\/62068\/revisions"}],"predecessor-version":[{"id":62073,"href":"http:\/\/portalcatolico.net\/portal\/wp-json\/wp\/v2\/posts\/62068\/revisions\/62073"}],"wp:featuredmedia":[{"embeddable":true,"href":"http:\/\/portalcatolico.net\/portal\/wp-json\/wp\/v2\/media\/62071"}],"wp:attachment":[{"href":"http:\/\/portalcatolico.net\/portal\/wp-json\/wp\/v2\/media?parent=62068"}],"wp:term":[{"taxonomy":"category","embeddable":true,"href":"http:\/\/portalcatolico.net\/portal\/wp-json\/wp\/v2\/categories?post=62068"},{"taxonomy":"post_tag","embeddable":true,"href":"http:\/\/portalcatolico.net\/portal\/wp-json\/wp\/v2\/tags?post=62068"}],"curies":[{"name":"wp","href":"https:\/\/api.w.org\/{rel}","templated":true}]}}