{"id":62064,"date":"2018-11-19T19:13:06","date_gmt":"2018-11-19T22:13:06","guid":{"rendered":"https:\/\/portalcatolico.net\/portal\/?p=62064"},"modified":"2018-11-19T19:13:40","modified_gmt":"2018-11-19T22:13:40","slug":"missa-em-acao-de-gracas-celebra-aniversario-de-ordenacao-sacerdotal-de-padre-em-itajuipe","status":"publish","type":"post","link":"http:\/\/portalcatolico.net\/portal\/missa-em-acao-de-gracas-celebra-aniversario-de-ordenacao-sacerdotal-de-padre-em-itajuipe\/","title":{"rendered":"Missa em A\u00e7\u00e3o de Gra\u00e7as celebra anivers\u00e1rio de Ordena\u00e7\u00e3o  Sacerdotal de padre em Itaju\u00edpe"},"content":{"rendered":"<p>A Par\u00f3quia do Sagrado Cora\u00e7\u00e3o de Jesus, na cidade de Itaju\u00edpe (BA), tem&nbsp;a grata satisfa\u00e7\u00e3o de convidar fi\u00e9is e amigos para a Solene Celebra\u00e7\u00e3o&nbsp;Eucar\u00edstica em A\u00e7\u00e3o de Gra\u00e7as pelo 10\u00ba Anivers\u00e1rio de Ordena\u00e7\u00e3o&nbsp;Sacerdotal do p\u00e1roco, da Igreja matriz do Sagrado Cora\u00e7\u00e3o de Jesus ,o&nbsp;padre Edson Hagge Leandro.<br \/>\nA santa Missa est\u00e1 marcada para acontecer na pr\u00f3xima quinta-feira, 22 de novembro,&nbsp;<br \/>\n\u00e0s 19h.<\/p>\n<p>Foto: Pascom\/Par\u00f3quia Sagrado Cora\u00e7\u00e3o de Jesus&nbsp;<\/p>\n","protected":false},"excerpt":{"rendered":"<p>A Par\u00f3quia do Sagrado Cora\u00e7\u00e3o de Jesus, na cidade de Itaju\u00edpe (BA), tem&nbsp;a grata satisfa\u00e7\u00e3o de convidar fi\u00e9is e amigos para a Solene Celebra\u00e7\u00e3o&nbsp;Eucar\u00edstica em A\u00e7\u00e3o de Gra\u00e7as pelo 10\u00ba Anivers\u00e1rio de Ordena\u00e7\u00e3o&nbsp;Sacerdotal do p\u00e1roco, da Igreja matriz do Sagrado Cora\u00e7\u00e3o de Jesus ,o&nbsp;padre Edson Hagge Leandro. A santa Missa est\u00e1 marcada para acontecer na&nbsp;<\/p>\n<p><a class=\"btn btn-style\" href=\"http:\/\/portalcatolico.net\/portal\/missa-em-acao-de-gracas-celebra-aniversario-de-ordenacao-sacerdotal-de-padre-em-itajuipe\/\">Continue Reading<\/a><\/p>\n","protected":false},"author":2,"featured_media":62065,"comment_status":"open","ping_status":"open","sticky":false,"template":"","format":"standard","meta":{"footnotes":""},"categories":[1],"tags":[],"class_list":["post-62064","post","type-post","status-publish","format-standard","has-post-thumbnail","hentry","category-agenda"],"_links":{"self":[{"href":"http:\/\/portalcatolico.net\/portal\/wp-json\/wp\/v2\/posts\/62064","targetHints":{"allow":["GET"]}}],"collection":[{"href":"http:\/\/portalcatolico.net\/portal\/wp-json\/wp\/v2\/posts"}],"about":[{"href":"http:\/\/portalcatolico.net\/portal\/wp-json\/wp\/v2\/types\/post"}],"author":[{"embeddable":true,"href":"http:\/\/portalcatolico.net\/portal\/wp-json\/wp\/v2\/users\/2"}],"replies":[{"embeddable":true,"href":"http:\/\/portalcatolico.net\/portal\/wp-json\/wp\/v2\/comments?post=62064"}],"version-history":[{"count":2,"href":"http:\/\/portalcatolico.net\/portal\/wp-json\/wp\/v2\/posts\/62064\/revisions"}],"predecessor-version":[{"id":62067,"href":"http:\/\/portalcatolico.net\/portal\/wp-json\/wp\/v2\/posts\/62064\/revisions\/62067"}],"wp:featuredmedia":[{"embeddable":true,"href":"http:\/\/portalcatolico.net\/portal\/wp-json\/wp\/v2\/media\/62065"}],"wp:attachment":[{"href":"http:\/\/portalcatolico.net\/portal\/wp-json\/wp\/v2\/media?parent=62064"}],"wp:term":[{"taxonomy":"category","embeddable":true,"href":"http:\/\/portalcatolico.net\/portal\/wp-json\/wp\/v2\/categories?post=62064"},{"taxonomy":"post_tag","embeddable":true,"href":"http:\/\/portalcatolico.net\/portal\/wp-json\/wp\/v2\/tags?post=62064"}],"curies":[{"name":"wp","href":"https:\/\/api.w.org\/{rel}","templated":true}]}}