{"id":62061,"date":"2018-12-04T16:59:04","date_gmt":"2018-12-04T19:59:04","guid":{"rendered":"https:\/\/portalcatolico.net\/portal\/?p=62061"},"modified":"2018-12-04T19:38:36","modified_gmt":"2018-12-04T22:38:36","slug":"vem-ai-os-30-anos-da-pastoral-da-crianca-em-itabuna","status":"publish","type":"post","link":"http:\/\/portalcatolico.net\/portal\/vem-ai-os-30-anos-da-pastoral-da-crianca-em-itabuna\/","title":{"rendered":"Vem a\u00ed os 30 anos da Pastoral da Crian\u00e7a em Itabuna"},"content":{"rendered":"<p style=\"font-weight: 400;\">\u00c9 com muita alegria que a Pastoral da Crian\u00e7a da Diocese de Itabuna&nbsp; convida a todos para participarem da festa dos 30 anos de miss\u00e3o, com uma caminhada pelas principais avenidas e ruas dos&nbsp;bairros Calif\u00f3rnia, F\u00e1tima, centro at\u00e9 a Catedral de S\u00e3o Jos\u00e9.<\/p>\n<p style=\"font-weight: 400;\">A concentra\u00e7\u00e3o acontecer\u00e1 \u00e0s 8h, do dia 09 de dezembro. A santa missa esta&nbsp;marcada para \u00e0s 11h, com a presid\u00eancia do bispo da Diocese de&nbsp;Itabuna, Dom Carlos Alberto dos Santos.<br \/>\nA Pastoral da Crian\u00e7a \u00e9 reconhecida como uma das maiores organiza\u00e7\u00f5es do&nbsp;mundo a trabalhar em a\u00e7\u00f5es de combate \u00e0s doen\u00e7as e mortes infantis,&nbsp;melhoria da qualidade de vida das crian\u00e7as e suas fam\u00edlias.<\/p>\n<p style=\"font-weight: 400;\">Criada em&nbsp;1983 pela m\u00e9dica pediatra e sanitarista Dra. Zilda Arns Neumann, hoje a&nbsp;entidade est\u00e1 presente em mais de 35 mil comunidades de todos os estados&nbsp;do Brasil e em mais 21 pa\u00edses da Am\u00e9rica Latina, \u00c1frica e \u00c1sia.<\/p>\n<p style=\"font-weight: 400;\">Participe deste momento comemorativo t\u00e3o especial!<\/p>\n<p>Foto:Divulga\u00e7\u00e3o&nbsp;<\/p>\n","protected":false},"excerpt":{"rendered":"<p>\u00c9 com muita alegria que a Pastoral da Crian\u00e7a da Diocese de Itabuna&nbsp; convida a todos para participarem da festa dos 30 anos de miss\u00e3o, com uma caminhada pelas principais avenidas e ruas dos&nbsp;bairros Calif\u00f3rnia, F\u00e1tima, centro at\u00e9 a Catedral de S\u00e3o Jos\u00e9. A concentra\u00e7\u00e3o acontecer\u00e1 \u00e0s 8h, do dia 09 de dezembro. A santa&nbsp;<\/p>\n<p><a class=\"btn btn-style\" href=\"http:\/\/portalcatolico.net\/portal\/vem-ai-os-30-anos-da-pastoral-da-crianca-em-itabuna\/\">Continue Reading<\/a><\/p>\n","protected":false},"author":2,"featured_media":62062,"comment_status":"open","ping_status":"open","sticky":false,"template":"","format":"standard","meta":{"footnotes":""},"categories":[1],"tags":[],"class_list":["post-62061","post","type-post","status-publish","format-standard","has-post-thumbnail","hentry","category-agenda"],"_links":{"self":[{"href":"http:\/\/portalcatolico.net\/portal\/wp-json\/wp\/v2\/posts\/62061","targetHints":{"allow":["GET"]}}],"collection":[{"href":"http:\/\/portalcatolico.net\/portal\/wp-json\/wp\/v2\/posts"}],"about":[{"href":"http:\/\/portalcatolico.net\/portal\/wp-json\/wp\/v2\/types\/post"}],"author":[{"embeddable":true,"href":"http:\/\/portalcatolico.net\/portal\/wp-json\/wp\/v2\/users\/2"}],"replies":[{"embeddable":true,"href":"http:\/\/portalcatolico.net\/portal\/wp-json\/wp\/v2\/comments?post=62061"}],"version-history":[{"count":1,"href":"http:\/\/portalcatolico.net\/portal\/wp-json\/wp\/v2\/posts\/62061\/revisions"}],"predecessor-version":[{"id":62063,"href":"http:\/\/portalcatolico.net\/portal\/wp-json\/wp\/v2\/posts\/62061\/revisions\/62063"}],"wp:featuredmedia":[{"embeddable":true,"href":"http:\/\/portalcatolico.net\/portal\/wp-json\/wp\/v2\/media\/62062"}],"wp:attachment":[{"href":"http:\/\/portalcatolico.net\/portal\/wp-json\/wp\/v2\/media?parent=62061"}],"wp:term":[{"taxonomy":"category","embeddable":true,"href":"http:\/\/portalcatolico.net\/portal\/wp-json\/wp\/v2\/categories?post=62061"},{"taxonomy":"post_tag","embeddable":true,"href":"http:\/\/portalcatolico.net\/portal\/wp-json\/wp\/v2\/tags?post=62061"}],"curies":[{"name":"wp","href":"https:\/\/api.w.org\/{rel}","templated":true}]}}