{"id":62028,"date":"2018-11-19T06:16:29","date_gmt":"2018-11-19T09:16:29","guid":{"rendered":"https:\/\/portalcatolico.net\/portal\/?p=62028"},"modified":"2018-11-19T06:22:20","modified_gmt":"2018-11-19T09:22:20","slug":"1o-retiro-espiritual-diocesano-e-realizado-na-paroquia-de-santa-rita-em-itabuna","status":"publish","type":"post","link":"http:\/\/portalcatolico.net\/portal\/1o-retiro-espiritual-diocesano-e-realizado-na-paroquia-de-santa-rita-em-itabuna\/","title":{"rendered":"1\u00ba Retiro Espiritual Diocesano \u00e9 realizado na Par\u00f3quia de Santa Rita em Itabuna"},"content":{"rendered":"<p style=\"font-weight: 400;\"><img loading=\"lazy\" decoding=\"async\" class=\"size-medium wp-image-62031 alignleft\" src=\"https:\/\/portalcatolico.net\/portal\/wp-content\/uploads\/2018\/11\/DSCN9474-300x225.jpg\" alt=\"\" width=\"300\" height=\"225\" srcset=\"http:\/\/portalcatolico.net\/portal\/wp-content\/uploads\/2018\/11\/DSCN9474-300x225.jpg 300w, http:\/\/portalcatolico.net\/portal\/wp-content\/uploads\/2018\/11\/DSCN9474-768x576.jpg 768w, http:\/\/portalcatolico.net\/portal\/wp-content\/uploads\/2018\/11\/DSCN9474.jpg 800w\" sizes=\"auto, (max-width: 300px) 100vw, 300px\" \/>O Apostolado da Ora\u00e7\u00e3o e o MEJ realizaram neste domingo, 18 de novembro,&nbsp;na&nbsp; par\u00f3quia de Santa Rita de C\u00e1ssia em Itabuna (BA), o 1\u00ba Retiro&nbsp;Espiritual Diocesano. O evento teve in\u00edcio com a celebra\u00e7\u00e3o eucar\u00edstica&nbsp;na igreja matriz, \u00e0s 9h30 e foi presidida pelo bispo&nbsp;&nbsp;da&nbsp;Diocese de Itabuna, Dom Carlos Alberto dos Santos, e concelebrada pelo&nbsp;vig\u00e1rio paroquial da Igreja de Santa Rita de C\u00e1ssia, o Pe. Frei&nbsp;Carlos&nbsp;In\u00e1cio e o di\u00e1cono Trajano Oswaldo, entre outros padres.<\/p>\n<p style=\"font-weight: 400;\">Na oportunidade, Dom Carlos ressaltou que &#8220;o retiro \u00e9 um encontro consigo mesmo e sobretudo com Jesus. Reunimos todas as par\u00f3quias para termos um dia de reflex\u00e3o, de encontro e para perguntarmos a n\u00f3s mesmos: quem n\u00f3s somos?&#8221;<\/p>\n<p style=\"font-weight: 400;\">Mais de&nbsp; 500&nbsp;associados&nbsp; de quase todas as par\u00f3quias da diocese participaram&nbsp; deste&nbsp;primeiro retiro. O tema foi: &#8220;Como leigos somos&nbsp;chamados a trilhar o caminho do cora\u00e7\u00e3o de Jesus exercendo o nosso&nbsp;Apostolado&#8221;.<\/p>\n<p style=\"font-weight: 400;\">Durante todo o dia, aconteceu&nbsp; louvor, ora\u00e7\u00e3o e prega\u00e7\u00e3o com o associado Arthur Rab\u00ealo do Apostolado de S\u00e3o Paulo.<\/p>\n<p style=\"font-weight: 400;\"><strong>Conhe\u00e7a um pouco o movimento<\/strong><\/p>\n<p style=\"font-weight: 400;\">O Apostolado da Ora\u00e7\u00e3o (sigla AO), tamb\u00e9m conhecida, mais recentemente,&nbsp;como Rede Mundial da Ora\u00e7\u00e3o do Papa, \u00e9 uma organiza\u00e7\u00e3o composta por&nbsp;leigos cat\u00f3licos cuja finalidade \u00e9 a santifica\u00e7\u00e3o pessoal e a&nbsp;evangeliza\u00e7\u00e3o. Sua se\u00e7\u00e3o jovem \u00e9 o Movimento Eucar\u00edstico Jovem&nbsp;(MEJ),&nbsp;antiga Cruzada Eucar\u00edstica.&nbsp; O Apostolado da Ora\u00e7\u00e3o teve origem, em 03&nbsp;de dezembro de 1844,na Fran\u00e7a, festa de S\u00e3o Francisco Xavier.<br \/>\nEm ordem mundial, estima-se cerca de 36 milh\u00f5es de zeladores e no Brasil&nbsp;s\u00e3o mais de 13 milh\u00f5es, informou um dos coordenadores do movimento na&nbsp;Diocese de Itabuna. O movimento tem o&nbsp; Padre Eliomar Ribeiro, SJ,&nbsp;Diretor Nacional do Apostolado da Ora\u00e7\u00e3o (AO) e do Movimento Eucar\u00edstico&nbsp;Jovem (MEJ),no Brasil.<\/p>\n<p style=\"font-weight: 400;\"><strong>Conhe\u00e7a a coordena\u00e7\u00e3o diocesano na Diocese de&nbsp;Itabuna:<\/strong><\/p>\n<p style=\"font-weight: 400;\">Presidente Diocesana: Agda Paz da Par\u00f3quia Nossa Senhora de F\u00e1tima<br \/>\nVice-Presidente Diocesana: R\u00f3ger da Par\u00f3quia Nossa Senhora da Concei\u00e7\u00e3o<br \/>\nSecret\u00e1rio: Anderson da Par\u00f3quia Senhor Deus Menino de Ibicara\u00ed<br \/>\nTesoureira: M\u00f4nica da Par\u00f3quia S\u00e3o Judas Tadeu<br \/>\nArticulador: Jan Erik do MEJ&nbsp; da Par\u00f3quia Nossa Senhora de F\u00e1tima.<\/p>\n<p><img loading=\"lazy\" decoding=\"async\" class=\"alignnone size-medium wp-image-62033\" src=\"https:\/\/portalcatolico.net\/portal\/wp-content\/uploads\/2018\/11\/DSCN9475-300x225.jpg\" alt=\"\" width=\"300\" height=\"225\" srcset=\"http:\/\/portalcatolico.net\/portal\/wp-content\/uploads\/2018\/11\/DSCN9475-300x225.jpg 300w, http:\/\/portalcatolico.net\/portal\/wp-content\/uploads\/2018\/11\/DSCN9475-768x576.jpg 768w, http:\/\/portalcatolico.net\/portal\/wp-content\/uploads\/2018\/11\/DSCN9475.jpg 800w\" sizes=\"auto, (max-width: 300px) 100vw, 300px\" \/><img loading=\"lazy\" decoding=\"async\" class=\"alignnone size-medium wp-image-62034\" src=\"https:\/\/portalcatolico.net\/portal\/wp-content\/uploads\/2018\/11\/DSCN9477-300x225.jpg\" alt=\"\" width=\"300\" height=\"225\" srcset=\"http:\/\/portalcatolico.net\/portal\/wp-content\/uploads\/2018\/11\/DSCN9477-300x225.jpg 300w, http:\/\/portalcatolico.net\/portal\/wp-content\/uploads\/2018\/11\/DSCN9477-768x576.jpg 768w, http:\/\/portalcatolico.net\/portal\/wp-content\/uploads\/2018\/11\/DSCN9477.jpg 800w\" sizes=\"auto, (max-width: 300px) 100vw, 300px\" \/> <img loading=\"lazy\" decoding=\"async\" class=\"alignnone size-medium wp-image-62035\" src=\"https:\/\/portalcatolico.net\/portal\/wp-content\/uploads\/2018\/11\/DSCN9490-300x225.jpg\" alt=\"\" width=\"300\" height=\"225\" srcset=\"http:\/\/portalcatolico.net\/portal\/wp-content\/uploads\/2018\/11\/DSCN9490-300x225.jpg 300w, http:\/\/portalcatolico.net\/portal\/wp-content\/uploads\/2018\/11\/DSCN9490-768x576.jpg 768w, http:\/\/portalcatolico.net\/portal\/wp-content\/uploads\/2018\/11\/DSCN9490.jpg 800w\" sizes=\"auto, (max-width: 300px) 100vw, 300px\" \/> <img loading=\"lazy\" decoding=\"async\" class=\"alignnone size-medium wp-image-62036\" src=\"https:\/\/portalcatolico.net\/portal\/wp-content\/uploads\/2018\/11\/DSCN9491-300x225.jpg\" alt=\"\" width=\"300\" height=\"225\" srcset=\"http:\/\/portalcatolico.net\/portal\/wp-content\/uploads\/2018\/11\/DSCN9491-300x225.jpg 300w, http:\/\/portalcatolico.net\/portal\/wp-content\/uploads\/2018\/11\/DSCN9491-768x576.jpg 768w, http:\/\/portalcatolico.net\/portal\/wp-content\/uploads\/2018\/11\/DSCN9491.jpg 800w\" sizes=\"auto, (max-width: 300px) 100vw, 300px\" \/><\/p>\n<p><strong>ASSISTA O V\u00cdDEO<\/strong><\/p>\n<p><iframe loading=\"lazy\"  id=\"_ytid_46105\"  width=\"480\" height=\"270\"  data-origwidth=\"480\" data-origheight=\"270\" src=\"https:\/\/www.youtube.com\/embed\/tM0XaKGBlmg?enablejsapi=1&#038;autoplay=0&#038;cc_load_policy=0&#038;cc_lang_pref=&#038;iv_load_policy=1&#038;loop=0&#038;rel=1&#038;fs=1&#038;playsinline=0&#038;autohide=2&#038;theme=dark&#038;color=red&#038;controls=1&#038;disablekb=0&#038;\" class=\"__youtube_prefs__  epyt-is-override  no-lazyload\" title=\"YouTube player\"  allow=\"fullscreen; accelerometer; autoplay; clipboard-write; encrypted-media; gyroscope; picture-in-picture; web-share\" referrerpolicy=\"strict-origin-when-cross-origin\" allowfullscreen data-no-lazy=\"1\" data-skipgform_ajax_framebjll=\"\"><\/iframe><\/p>\n<p>&nbsp;<\/p>\n","protected":false},"excerpt":{"rendered":"<p>O Apostolado da Ora\u00e7\u00e3o e o MEJ realizaram neste domingo, 18 de novembro,&nbsp;na&nbsp; par\u00f3quia de Santa Rita de C\u00e1ssia em Itabuna (BA), o 1\u00ba Retiro&nbsp;Espiritual Diocesano. O evento teve in\u00edcio com a celebra\u00e7\u00e3o eucar\u00edstica&nbsp;na igreja matriz, \u00e0s 9h30 e foi presidida pelo bispo&nbsp;&nbsp;da&nbsp;Diocese de Itabuna, Dom Carlos Alberto dos Santos, e concelebrada pelo&nbsp;vig\u00e1rio paroquial da&nbsp;<\/p>\n<p><a class=\"btn btn-style\" href=\"http:\/\/portalcatolico.net\/portal\/1o-retiro-espiritual-diocesano-e-realizado-na-paroquia-de-santa-rita-em-itabuna\/\">Continue Reading<\/a><\/p>\n","protected":false},"author":2,"featured_media":62029,"comment_status":"open","ping_status":"open","sticky":false,"template":"","format":"standard","meta":{"footnotes":""},"categories":[65],"tags":[],"class_list":["post-62028","post","type-post","status-publish","format-standard","has-post-thumbnail","hentry","category-entrevistas"],"_links":{"self":[{"href":"http:\/\/portalcatolico.net\/portal\/wp-json\/wp\/v2\/posts\/62028","targetHints":{"allow":["GET"]}}],"collection":[{"href":"http:\/\/portalcatolico.net\/portal\/wp-json\/wp\/v2\/posts"}],"about":[{"href":"http:\/\/portalcatolico.net\/portal\/wp-json\/wp\/v2\/types\/post"}],"author":[{"embeddable":true,"href":"http:\/\/portalcatolico.net\/portal\/wp-json\/wp\/v2\/users\/2"}],"replies":[{"embeddable":true,"href":"http:\/\/portalcatolico.net\/portal\/wp-json\/wp\/v2\/comments?post=62028"}],"version-history":[{"count":3,"href":"http:\/\/portalcatolico.net\/portal\/wp-json\/wp\/v2\/posts\/62028\/revisions"}],"predecessor-version":[{"id":62037,"href":"http:\/\/portalcatolico.net\/portal\/wp-json\/wp\/v2\/posts\/62028\/revisions\/62037"}],"wp:featuredmedia":[{"embeddable":true,"href":"http:\/\/portalcatolico.net\/portal\/wp-json\/wp\/v2\/media\/62029"}],"wp:attachment":[{"href":"http:\/\/portalcatolico.net\/portal\/wp-json\/wp\/v2\/media?parent=62028"}],"wp:term":[{"taxonomy":"category","embeddable":true,"href":"http:\/\/portalcatolico.net\/portal\/wp-json\/wp\/v2\/categories?post=62028"},{"taxonomy":"post_tag","embeddable":true,"href":"http:\/\/portalcatolico.net\/portal\/wp-json\/wp\/v2\/tags?post=62028"}],"curies":[{"name":"wp","href":"https:\/\/api.w.org\/{rel}","templated":true}]}}