{"id":62024,"date":"2018-11-18T22:31:16","date_gmt":"2018-11-19T01:31:16","guid":{"rendered":"https:\/\/portalcatolico.net\/portal\/?p=62024"},"modified":"2018-11-18T22:39:05","modified_gmt":"2018-11-19T01:39:05","slug":"domingo-de-retiro-para-os-fieis-da-paroquia-santa-rita-de-cassia","status":"publish","type":"post","link":"http:\/\/portalcatolico.net\/portal\/domingo-de-retiro-para-os-fieis-da-paroquia-santa-rita-de-cassia\/","title":{"rendered":"Domingo de Retiro para os fieis da Par\u00f3quia Santa Rita de C\u00e1ssia"},"content":{"rendered":"<p style=\"font-weight: 400;\">A Pastoral Familiar da Par\u00f3quia Santa Rita de C\u00e1ssia na diocese de&nbsp;Itabuna realizou neste&nbsp; domingo, 18 de novembro, o Retiro Espiritual&nbsp;no convento e&nbsp; casa de retiro das Irm\u00e3s&nbsp;Cordolinas&nbsp; na BR 415, entre Itabuna e Ilh\u00e9us. O evento aconteceu durante todo o dia.<\/p>\n<p style=\"font-weight: 400;\">O&nbsp;momento foi assessorado&nbsp;pelo&nbsp;&nbsp;Pe. Frei Anailton Brito dos Santos,&nbsp; OFM Cap&nbsp;da igreja Matriz de Santa Rita de C\u00e1ssia.<\/p>\n<p style=\"font-weight: 400;\">O tema do&nbsp;retiro foi:&nbsp; A Fam\u00edlia, como vai&#8221;.<\/p>\n<p style=\"font-weight: 400;\">Participaram 41 pessoas entre&nbsp;adultos, jovens e crian\u00e7as, filhos dos casais. Aconteceram v\u00e1rios momentos de&nbsp;reflex\u00f5es, ora\u00e7\u00f5es e adora\u00e7\u00e3o&nbsp; ao Jesus Eucar\u00edstico.<br \/>\n&nbsp;Foi uma&nbsp; excelente oportunidade para vivenciar momentos&nbsp; de crescimento&nbsp;espiritual, a partir do encontro e intimidade com Deus e ao lado dos&nbsp;filhos.<br \/>\nO Retiro Espiritual \u00e9 para entrar em contato consigo, retraindo-se do&nbsp;mundo externo di\u00e1rio a fim de experimentar seus encantos internos,&nbsp;passar tempo consigo mesmo em vez de estar com outras pessoas e&nbsp;descobrir verdades eternas frequentemente escondidas pelas realidades&nbsp;cotidianas. \u00c9 um momento para fortificar o &#8220;eu&#8221; e renovar seu poder&nbsp;pessoal. Est\u00e1 ligado ao sil\u00eancio e \u00e0 tranquilidade \u2013 sil\u00eancio da mente,&nbsp;tanto quanto da l\u00edngua; tranquilidade do esp\u00edrito, tanto quanto do&nbsp;corpo.<br \/>\nMomentos de espiritualidade \u00e9 sinal com Deus, \u00e9 tamb\u00e9m momento de uni\u00e3o,&nbsp;fortaleza, amor, unidade e aten\u00e7\u00e3o ao Senhor Jesus Cristo.<\/p>\n","protected":false},"excerpt":{"rendered":"<p>A Pastoral Familiar da Par\u00f3quia Santa Rita de C\u00e1ssia na diocese de&nbsp;Itabuna realizou neste&nbsp; domingo, 18 de novembro, o Retiro Espiritual&nbsp;no convento e&nbsp; casa de retiro das Irm\u00e3s&nbsp;Cordolinas&nbsp; na BR 415, entre Itabuna e Ilh\u00e9us. O evento aconteceu durante todo o dia. O&nbsp;momento foi assessorado&nbsp;pelo&nbsp;&nbsp;Pe. Frei Anailton Brito dos Santos,&nbsp; OFM Cap&nbsp;da igreja Matriz de&nbsp;<\/p>\n<p><a class=\"btn btn-style\" href=\"http:\/\/portalcatolico.net\/portal\/domingo-de-retiro-para-os-fieis-da-paroquia-santa-rita-de-cassia\/\">Continue Reading<\/a><\/p>\n","protected":false},"author":2,"featured_media":62027,"comment_status":"open","ping_status":"open","sticky":false,"template":"","format":"standard","meta":{"footnotes":""},"categories":[4],"tags":[],"class_list":["post-62024","post","type-post","status-publish","format-standard","has-post-thumbnail","hentry","category-destaques"],"_links":{"self":[{"href":"http:\/\/portalcatolico.net\/portal\/wp-json\/wp\/v2\/posts\/62024","targetHints":{"allow":["GET"]}}],"collection":[{"href":"http:\/\/portalcatolico.net\/portal\/wp-json\/wp\/v2\/posts"}],"about":[{"href":"http:\/\/portalcatolico.net\/portal\/wp-json\/wp\/v2\/types\/post"}],"author":[{"embeddable":true,"href":"http:\/\/portalcatolico.net\/portal\/wp-json\/wp\/v2\/users\/2"}],"replies":[{"embeddable":true,"href":"http:\/\/portalcatolico.net\/portal\/wp-json\/wp\/v2\/comments?post=62024"}],"version-history":[{"count":1,"href":"http:\/\/portalcatolico.net\/portal\/wp-json\/wp\/v2\/posts\/62024\/revisions"}],"predecessor-version":[{"id":62026,"href":"http:\/\/portalcatolico.net\/portal\/wp-json\/wp\/v2\/posts\/62024\/revisions\/62026"}],"wp:featuredmedia":[{"embeddable":true,"href":"http:\/\/portalcatolico.net\/portal\/wp-json\/wp\/v2\/media\/62027"}],"wp:attachment":[{"href":"http:\/\/portalcatolico.net\/portal\/wp-json\/wp\/v2\/media?parent=62024"}],"wp:term":[{"taxonomy":"category","embeddable":true,"href":"http:\/\/portalcatolico.net\/portal\/wp-json\/wp\/v2\/categories?post=62024"},{"taxonomy":"post_tag","embeddable":true,"href":"http:\/\/portalcatolico.net\/portal\/wp-json\/wp\/v2\/tags?post=62024"}],"curies":[{"name":"wp","href":"https:\/\/api.w.org\/{rel}","templated":true}]}}