{"id":62021,"date":"2018-11-18T21:47:14","date_gmt":"2018-11-19T00:47:14","guid":{"rendered":"https:\/\/portalcatolico.net\/portal\/?p=62021"},"modified":"2018-11-18T21:47:14","modified_gmt":"2018-11-19T00:47:14","slug":"19a-enchei-vos-aconteceu-em-itororo","status":"publish","type":"post","link":"http:\/\/portalcatolico.net\/portal\/19a-enchei-vos-aconteceu-em-itororo\/","title":{"rendered":"19\u00aa Enchei-vos aconteceu em Itoror\u00f3"},"content":{"rendered":"<p>O grupo de Ora\u00e7\u00e3o Filhos da Esperan\u00e7a da Renova\u00e7\u00e3o Carism\u00e1tica&nbsp;Cat\u00f3lica pertencente \u00e0 Par\u00f3quia Santo Ant\u00f4nio de Itoror\u00f3, sediou o 19\u00ba Enchei-Vos neste fim de semana, nos dias 17 e 18 de novembro. O evento aconteceu na&nbsp;quadra poliesportiva do Julieta Pontes.<\/p>\n<p>Esta edi\u00e7\u00e3o contou com presen\u00e7as de Joermes, Rita de Cassia e Larissa (da Comunidade Cat\u00f3lica Shalom), Alexsandro Nonato (Presidente diocesano da RCC Diocese de Itabuna), Padre Euvaldo e Padre Simeon de Itoror\u00f3. Minist\u00e9rio de musica Alex Soull de Vitoria da conquista e Minist\u00e9rio de m\u00fasica Ave Maria de Itoror\u00f3.<\/p>\n<p>O&nbsp;tema para este ano foi: &#8220;Eis que estou \u00e0 porta e bato&#8221; (Ap 3,20). E o Presidente da RCC da Diocese de Itabuna, Alexsandro Nonato,&nbsp;disse &#8220;Que o Senhor est\u00e1 vendo uma possibilidade em n\u00f3s, por isso que Ele continua insistentemente batendo na porta do nosso cora\u00e7\u00e3o e que \u00e9 preciso darmos uma abertura para que Ele entre em nosso cora\u00e7\u00e3o e realize a obra nova em nossas vidas&#8221;.<\/p>\n<p>Teve muitos momentos de ora\u00e7\u00e3o, prega\u00e7\u00e3o, confiss\u00e3o, santo ter\u00e7o, louvor e adora\u00e7\u00e3o.&nbsp;&nbsp;No s\u00e1bado&nbsp;(17), \u00e0s 08h, deu-se in\u00edcio ao evento com o Santo Ter\u00e7o, logo ap\u00f3s ocorreu a Santa Missa e no domingo (18) \u00e1s 16h30 ocorreu a Missa de encerramento que foi presidida pelo p\u00e1roco da Par\u00f3quia Santo Ant\u00f4nio de Itoror\u00f3, Pe. Euvaldo Santana.<\/p>\n<p>Texto e fotos: Minist\u00e9rio de Comunica\u00e7\u00e3o Social<\/p>\n<p>Link com as fotos: <a href=\"https:\/\/drive.google.com\/drive\/folders\/1Fwaa2LMS0Gla-LdqKT-0S2kiw_svJJ06\"><strong>Clique aqui&nbsp;<\/strong><\/a><\/p>\n","protected":false},"excerpt":{"rendered":"<p>O grupo de Ora\u00e7\u00e3o Filhos da Esperan\u00e7a da Renova\u00e7\u00e3o Carism\u00e1tica&nbsp;Cat\u00f3lica pertencente \u00e0 Par\u00f3quia Santo Ant\u00f4nio de Itoror\u00f3, sediou o 19\u00ba Enchei-Vos neste fim de semana, nos dias 17 e 18 de novembro. O evento aconteceu na&nbsp;quadra poliesportiva do Julieta Pontes. Esta edi\u00e7\u00e3o contou com presen\u00e7as de Joermes, Rita de Cassia e Larissa (da Comunidade Cat\u00f3lica&nbsp;<\/p>\n<p><a class=\"btn btn-style\" href=\"http:\/\/portalcatolico.net\/portal\/19a-enchei-vos-aconteceu-em-itororo\/\">Continue Reading<\/a><\/p>\n","protected":false},"author":2,"featured_media":62022,"comment_status":"open","ping_status":"open","sticky":false,"template":"","format":"standard","meta":{"footnotes":""},"categories":[65],"tags":[],"class_list":["post-62021","post","type-post","status-publish","format-standard","has-post-thumbnail","hentry","category-entrevistas"],"_links":{"self":[{"href":"http:\/\/portalcatolico.net\/portal\/wp-json\/wp\/v2\/posts\/62021","targetHints":{"allow":["GET"]}}],"collection":[{"href":"http:\/\/portalcatolico.net\/portal\/wp-json\/wp\/v2\/posts"}],"about":[{"href":"http:\/\/portalcatolico.net\/portal\/wp-json\/wp\/v2\/types\/post"}],"author":[{"embeddable":true,"href":"http:\/\/portalcatolico.net\/portal\/wp-json\/wp\/v2\/users\/2"}],"replies":[{"embeddable":true,"href":"http:\/\/portalcatolico.net\/portal\/wp-json\/wp\/v2\/comments?post=62021"}],"version-history":[{"count":1,"href":"http:\/\/portalcatolico.net\/portal\/wp-json\/wp\/v2\/posts\/62021\/revisions"}],"predecessor-version":[{"id":62023,"href":"http:\/\/portalcatolico.net\/portal\/wp-json\/wp\/v2\/posts\/62021\/revisions\/62023"}],"wp:featuredmedia":[{"embeddable":true,"href":"http:\/\/portalcatolico.net\/portal\/wp-json\/wp\/v2\/media\/62022"}],"wp:attachment":[{"href":"http:\/\/portalcatolico.net\/portal\/wp-json\/wp\/v2\/media?parent=62021"}],"wp:term":[{"taxonomy":"category","embeddable":true,"href":"http:\/\/portalcatolico.net\/portal\/wp-json\/wp\/v2\/categories?post=62021"},{"taxonomy":"post_tag","embeddable":true,"href":"http:\/\/portalcatolico.net\/portal\/wp-json\/wp\/v2\/tags?post=62021"}],"curies":[{"name":"wp","href":"https:\/\/api.w.org\/{rel}","templated":true}]}}