{"id":62014,"date":"2018-11-18T20:58:30","date_gmt":"2018-11-18T23:58:30","guid":{"rendered":"https:\/\/portalcatolico.net\/portal\/?p=62014"},"modified":"2018-11-18T21:01:14","modified_gmt":"2018-11-19T00:01:14","slug":"catequistas-visitam-lixao-de-itabuna-e-ouvem-relatos-emocionantes","status":"publish","type":"post","link":"http:\/\/portalcatolico.net\/portal\/catequistas-visitam-lixao-de-itabuna-e-ouvem-relatos-emocionantes\/","title":{"rendered":"Catequistas visitam lix\u00e3o de Itabuna e ouvem relatos emocionantes"},"content":{"rendered":"<p style=\"font-weight: 400;\"><img loading=\"lazy\" decoding=\"async\" class=\"wp-image-62017 aligncenter\" src=\"https:\/\/portalcatolico.net\/portal\/wp-content\/uploads\/2018\/11\/46473947_998145270388095_1626271581170827264_n-1-300x225.jpg\" alt=\"\" width=\"732\" height=\"549\" srcset=\"http:\/\/portalcatolico.net\/portal\/wp-content\/uploads\/2018\/11\/46473947_998145270388095_1626271581170827264_n-1-300x225.jpg 300w, http:\/\/portalcatolico.net\/portal\/wp-content\/uploads\/2018\/11\/46473947_998145270388095_1626271581170827264_n-1-768x576.jpg 768w, http:\/\/portalcatolico.net\/portal\/wp-content\/uploads\/2018\/11\/46473947_998145270388095_1626271581170827264_n-1.jpg 960w\" sizes=\"auto, (max-width: 732px) 100vw, 732px\" \/>Na tarde deste&nbsp;s\u00e1bado (17), os catequistas das comunidades e da igreja matriz de Santa Rita de C\u00e1ssia, visitaram o lix\u00e3o de Itabuna (BA). Essa visita \u00e9&nbsp; realizada&nbsp;todo o ano pelos catequistas e os jovens da Perseveran\u00e7a e do&nbsp;Crisma.<\/p>\n<p style=\"font-weight: 400;\">Segundo Ros\u00e2ngela, uma das&nbsp; catequistas, &#8220;a visita serviu para orientar&nbsp;os jovens e seus familiares atentar-se para realizar a embalagem correta&nbsp;do lixo dom\u00e9stico evitando acidentes com os garis e os catadores&#8221;.<\/p>\n<p style=\"font-weight: 400;\">Os jovens&nbsp; ficaram&nbsp; impressionada com a quantidade de lixo que \u00e9&nbsp;produzido em na cidade. &#8220;Nunca imaginei que s\u00e3o coletados tanto lixo e&nbsp;&nbsp; este processo come\u00e7a dentro de nossas&nbsp; casas&#8221;, disse uma das&nbsp; jovens&nbsp;que est\u00e1 se preparando para receber o sacramento da Crisma em 2019, na&nbsp;par\u00f3quia Santa Rita de C\u00e1ssia na Diocese de Itabuna.<\/p>\n<p style=\"font-weight: 400;\">&nbsp; Os jovens observaram que as condi\u00e7\u00f5es insalubres, contudo, n\u00e3o impedem a presen\u00e7a de centenas de&nbsp;homens e mulheres que disputam cada metro quadrado do lix\u00e3o \u00e0 c\u00e9u&nbsp;aberto da cidade de Itabuna, em busca da sobreviv\u00eancia.<\/p>\n<p style=\"font-weight: 400;\">Uma das&nbsp;&nbsp;catadoras&nbsp;do lix\u00e3o, emocionada,&nbsp;&nbsp;revelou que tem pessoas doentes em sua fam\u00edlia, e que para ajudar, acaba buscando a sobreviv\u00eancia no lix\u00e3o. Ela informou ainda, que tem&nbsp;pessoas que tiram o sustento h\u00e1 12,15 e 30&nbsp;anos. Alguns iniciaram esse trabalho ainda crian\u00e7a., no meio dos porcos, dos urubus e no meio de tanto material capaz de transmitir doen\u00e7as.<\/p>\n<p style=\"font-weight: 400;\">&nbsp;Ao&nbsp;t\u00e9rmino da visita, uma senhora fez um pedido especial: &#8220;N\u00e3o esque\u00e7am de n\u00f3s!&#8221;.<\/p>\n<p style=\"font-weight: 400;\">Voc\u00ea tamb\u00e9m pode contribuir com essas pessoas. Seja doando roupas, alimentos, cal\u00e7ados, ou simplesmente um pouco do seu tempo e do seu carinho.<\/p>\n<p>Reportagem e fotos: Valdeni Elias<\/p>\n<p>Edi\u00e7\u00e3o de texto: Anara Passos (Jornalista)&nbsp;<\/p>\n<p>\u00c1lbuns de fotos: <a href=\"https:\/\/portalcatolico.net\/portal\/lixao-de-itabuna\/?fbclid=IwAR2SXTT0h7LJjiMfVJ0tsbIA2w9Iu-zO9My6yzlUMhEMlQcoJNmmDPmUPBU\"><strong>Clique aqui<\/strong><\/a> confira<\/p>\n","protected":false},"excerpt":{"rendered":"<p>Na tarde deste&nbsp;s\u00e1bado (17), os catequistas das comunidades e da igreja matriz de Santa Rita de C\u00e1ssia, visitaram o lix\u00e3o de Itabuna (BA). Essa visita \u00e9&nbsp; realizada&nbsp;todo o ano pelos catequistas e os jovens da Perseveran\u00e7a e do&nbsp;Crisma. Segundo Ros\u00e2ngela, uma das&nbsp; catequistas, &#8220;a visita serviu para orientar&nbsp;os jovens e seus familiares atentar-se para realizar&nbsp;<\/p>\n<p><a class=\"btn btn-style\" href=\"http:\/\/portalcatolico.net\/portal\/catequistas-visitam-lixao-de-itabuna-e-ouvem-relatos-emocionantes\/\">Continue Reading<\/a><\/p>\n","protected":false},"author":2,"featured_media":62015,"comment_status":"open","ping_status":"open","sticky":false,"template":"","format":"standard","meta":{"footnotes":""},"categories":[65],"tags":[],"class_list":["post-62014","post","type-post","status-publish","format-standard","has-post-thumbnail","hentry","category-entrevistas"],"_links":{"self":[{"href":"http:\/\/portalcatolico.net\/portal\/wp-json\/wp\/v2\/posts\/62014","targetHints":{"allow":["GET"]}}],"collection":[{"href":"http:\/\/portalcatolico.net\/portal\/wp-json\/wp\/v2\/posts"}],"about":[{"href":"http:\/\/portalcatolico.net\/portal\/wp-json\/wp\/v2\/types\/post"}],"author":[{"embeddable":true,"href":"http:\/\/portalcatolico.net\/portal\/wp-json\/wp\/v2\/users\/2"}],"replies":[{"embeddable":true,"href":"http:\/\/portalcatolico.net\/portal\/wp-json\/wp\/v2\/comments?post=62014"}],"version-history":[{"count":4,"href":"http:\/\/portalcatolico.net\/portal\/wp-json\/wp\/v2\/posts\/62014\/revisions"}],"predecessor-version":[{"id":62020,"href":"http:\/\/portalcatolico.net\/portal\/wp-json\/wp\/v2\/posts\/62014\/revisions\/62020"}],"wp:featuredmedia":[{"embeddable":true,"href":"http:\/\/portalcatolico.net\/portal\/wp-json\/wp\/v2\/media\/62015"}],"wp:attachment":[{"href":"http:\/\/portalcatolico.net\/portal\/wp-json\/wp\/v2\/media?parent=62014"}],"wp:term":[{"taxonomy":"category","embeddable":true,"href":"http:\/\/portalcatolico.net\/portal\/wp-json\/wp\/v2\/categories?post=62014"},{"taxonomy":"post_tag","embeddable":true,"href":"http:\/\/portalcatolico.net\/portal\/wp-json\/wp\/v2\/tags?post=62014"}],"curies":[{"name":"wp","href":"https:\/\/api.w.org\/{rel}","templated":true}]}}