{"id":61976,"date":"2018-11-17T23:42:05","date_gmt":"2018-11-18T02:42:05","guid":{"rendered":"https:\/\/portalcatolico.net\/portal\/?p=61976"},"modified":"2018-11-18T19:47:05","modified_gmt":"2018-11-18T22:47:05","slug":"posse-canonica-do-padre-anderson-acontece-em-pau-brasil","status":"publish","type":"post","link":"http:\/\/portalcatolico.net\/portal\/posse-canonica-do-padre-anderson-acontece-em-pau-brasil\/","title":{"rendered":"Posse Can\u00f4nica do Padre Anderson acontece em Pau Brasil"},"content":{"rendered":"<p style=\"font-weight: 400;\">Na \u00faltima sexta-feira, 16 de novembro, o padre Anderson Rodrigues Henrique,&nbsp; (Congrega\u00e7\u00e3o-Sociedade Apostolado Cat\u00f3lico, S.A.C), foi empossado como&nbsp;p\u00e1roco na par\u00f3quia de Santa Luzia, na cidade de Pau Brasil.<\/p>\n<p style=\"font-weight: 400;\">A celebra\u00e7\u00e3o foi presidida pelo Bispo Diocesano&nbsp; da Diocese de Itabuna,&nbsp;Dom Carlos Alberto dos Santos&nbsp; e concelebrada pelo Padre e Vice&nbsp;Provincial dos palotinos Reinaldo Baggio&nbsp; e diversos sacerdotes e&nbsp; di\u00e1cono. Ap\u00f3s a sauda\u00e7\u00e3o inicial, o celebrante pediu que se procedesse \u00e0 leitura&nbsp; da provis\u00e3o can\u00f4nica que nomeia o p\u00e1roco de frente para o altar.<br \/>\nInicialmente, na missa de posse,&nbsp; o Padre Pio Dantas&nbsp; leu a provis\u00e3o com&nbsp; a nomea\u00e7\u00e3o do novo p\u00e1roco e em seguida, Padre Anderson&nbsp; proferiu a&nbsp;Profiss\u00e3o de F\u00e9.<br \/>\nEm seguida, seguiu-se a celebra\u00e7\u00e3o e o rito de posse onde o&nbsp;novo p\u00e1roco&nbsp;&nbsp; da Igreja Matriz de Santa Luzia recebeu do bispo dom&nbsp;Carlos Alberto&nbsp; as chaves da Igreja, chave do Sacr\u00e1rio (um momento de&nbsp; adora\u00e7\u00e3o ao Sant\u00edssimo), Batist\u00e9rio, Estola roxa para o uso cotidiano e&nbsp;fez o juramento de fidelidade, segundo a f\u00f3rmula aprovada pela Santa S\u00e9.&nbsp;<br \/>\nEm seguida, foi feita a assinatura do documento de posse can\u00f4nica.<br \/>\nNa oportunidade, Padre Anderson disse: &#8220;J\u00e1 recebi a chave, ent\u00e3o agora a casa estar\u00e1 aberta para cada um de voc\u00eas, para que n\u00f3s possamos nos encontrar muitas vezes em torno do altar e da Comunh\u00e3o&#8221;.<\/p>\n<p>Galeria de fotos. <a href=\"https:\/\/portalcatolico.net\/portal\/posse-do-pe-anderson-em-pau-brasil\/nggallery\/page\/3?fbclid=IwAR1d3i5gdNvY9hqkK7fS0gBokLORIbxv9vp5cbYzud3WvDUPJc5cu_I8uy0\"><strong>Clique aqui e confira&nbsp;<\/strong><\/a><\/p>\n","protected":false},"excerpt":{"rendered":"<p>Na \u00faltima sexta-feira, 16 de novembro, o padre Anderson Rodrigues Henrique,&nbsp; (Congrega\u00e7\u00e3o-Sociedade Apostolado Cat\u00f3lico, S.A.C), foi empossado como&nbsp;p\u00e1roco na par\u00f3quia de Santa Luzia, na cidade de Pau Brasil. A celebra\u00e7\u00e3o foi presidida pelo Bispo Diocesano&nbsp; da Diocese de Itabuna,&nbsp;Dom Carlos Alberto dos Santos&nbsp; e concelebrada pelo Padre e Vice&nbsp;Provincial dos palotinos Reinaldo Baggio&nbsp; e diversos&nbsp;<\/p>\n<p><a class=\"btn btn-style\" href=\"http:\/\/portalcatolico.net\/portal\/posse-canonica-do-padre-anderson-acontece-em-pau-brasil\/\">Continue Reading<\/a><\/p>\n","protected":false},"author":2,"featured_media":61978,"comment_status":"open","ping_status":"open","sticky":false,"template":"","format":"standard","meta":{"footnotes":""},"categories":[1],"tags":[],"class_list":["post-61976","post","type-post","status-publish","format-standard","has-post-thumbnail","hentry","category-agenda"],"_links":{"self":[{"href":"http:\/\/portalcatolico.net\/portal\/wp-json\/wp\/v2\/posts\/61976","targetHints":{"allow":["GET"]}}],"collection":[{"href":"http:\/\/portalcatolico.net\/portal\/wp-json\/wp\/v2\/posts"}],"about":[{"href":"http:\/\/portalcatolico.net\/portal\/wp-json\/wp\/v2\/types\/post"}],"author":[{"embeddable":true,"href":"http:\/\/portalcatolico.net\/portal\/wp-json\/wp\/v2\/users\/2"}],"replies":[{"embeddable":true,"href":"http:\/\/portalcatolico.net\/portal\/wp-json\/wp\/v2\/comments?post=61976"}],"version-history":[{"count":2,"href":"http:\/\/portalcatolico.net\/portal\/wp-json\/wp\/v2\/posts\/61976\/revisions"}],"predecessor-version":[{"id":61979,"href":"http:\/\/portalcatolico.net\/portal\/wp-json\/wp\/v2\/posts\/61976\/revisions\/61979"}],"wp:featuredmedia":[{"embeddable":true,"href":"http:\/\/portalcatolico.net\/portal\/wp-json\/wp\/v2\/media\/61978"}],"wp:attachment":[{"href":"http:\/\/portalcatolico.net\/portal\/wp-json\/wp\/v2\/media?parent=61976"}],"wp:term":[{"taxonomy":"category","embeddable":true,"href":"http:\/\/portalcatolico.net\/portal\/wp-json\/wp\/v2\/categories?post=61976"},{"taxonomy":"post_tag","embeddable":true,"href":"http:\/\/portalcatolico.net\/portal\/wp-json\/wp\/v2\/tags?post=61976"}],"curies":[{"name":"wp","href":"https:\/\/api.w.org\/{rel}","templated":true}]}}