{"id":61851,"date":"2018-11-16T14:47:43","date_gmt":"2018-11-16T17:47:43","guid":{"rendered":"https:\/\/portalcatolico.net\/portal\/?p=61851"},"modified":"2018-11-16T14:48:32","modified_gmt":"2018-11-16T17:48:32","slug":"rcc-missa-louvor-e-pregacao-marcam-o-8o-proclamai-em-amargosa","status":"publish","type":"post","link":"http:\/\/portalcatolico.net\/portal\/rcc-missa-louvor-e-pregacao-marcam-o-8o-proclamai-em-amargosa\/","title":{"rendered":"RCC: Missa, louvor e prega\u00e7\u00e3o marcam o 8\u00ba Proclamai em Amargosa"},"content":{"rendered":"<p><img loading=\"lazy\" decoding=\"async\" class=\" wp-image-61853 alignleft\" src=\"https:\/\/portalcatolico.net\/portal\/wp-content\/uploads\/2018\/11\/proclamai-18-300x169.jpg\" alt=\"\" width=\"357\" height=\"201\" srcset=\"http:\/\/portalcatolico.net\/portal\/wp-content\/uploads\/2018\/11\/proclamai-18-300x169.jpg 300w, http:\/\/portalcatolico.net\/portal\/wp-content\/uploads\/2018\/11\/proclamai-18.jpg 615w\" sizes=\"auto, (max-width: 357px) 100vw, 357px\" \/>Nesta quinta-feira (15\/11) aconteceu na sede paroquial da Par\u00f3quia Nossa Senhora do Bom Conselho, em Amargosa, o 8\u00ba Proclamai, evento cat\u00f3lico promovido pelo Grupo da Renova\u00e7\u00e3o Carism\u00e1tica Cat\u00f3lica, Filhos da Eucaristia, que tem como objetivo proclamar que Jesus Cristo \u00e9 o Senhor.<\/p>\n<p>O evento teve in\u00edcio na quarta-feira \u00e0 noite e prosseguiu na quinta pela manh\u00e3 com a Santa Missa celebrada pelo padre Jos\u00e9 Filho; logo ap\u00f3s houve momento de anima\u00e7\u00e3o; acolhida; louvor e prega\u00e7\u00f5es (realizadas por Alexnei Freitas, coordenador da RCC da arquidiocese de Feira de Santana).<\/p>\n<p>Ao t\u00e9rmino do evento o coordenador do Grupo Filhos da Eucaristia, Michael Oliveira, fez os agradecimentos de modo particular a Jesus Cristo, principal autor do evento, agradeceu tamb\u00e9m aos convidados que estiveram servindo no evento, aos participantes e ao grupo de ora\u00e7\u00e3o pelo empenho para que o Proclamai se realizasse pelo oitavo ano consecutivo.<\/p>\n<p>Texto: Jocinere Soares\/ Tribuna do Rec\u00f4ncavo<\/p>\n<p>Fotos: Adailton Sena e Ana Luiza<\/p>\n","protected":false},"excerpt":{"rendered":"<p>Nesta quinta-feira (15\/11) aconteceu na sede paroquial da Par\u00f3quia Nossa Senhora do Bom Conselho, em Amargosa, o 8\u00ba Proclamai, evento cat\u00f3lico promovido pelo Grupo da Renova\u00e7\u00e3o Carism\u00e1tica Cat\u00f3lica, Filhos da Eucaristia, que tem como objetivo proclamar que Jesus Cristo \u00e9 o Senhor. O evento teve in\u00edcio na quarta-feira \u00e0 noite e prosseguiu na quinta pela&nbsp;<\/p>\n<p><a class=\"btn btn-style\" href=\"http:\/\/portalcatolico.net\/portal\/rcc-missa-louvor-e-pregacao-marcam-o-8o-proclamai-em-amargosa\/\">Continue Reading<\/a><\/p>\n","protected":false},"author":2,"featured_media":61852,"comment_status":"open","ping_status":"open","sticky":false,"template":"","format":"standard","meta":{"footnotes":""},"categories":[4],"tags":[],"class_list":["post-61851","post","type-post","status-publish","format-standard","has-post-thumbnail","hentry","category-destaques"],"_links":{"self":[{"href":"http:\/\/portalcatolico.net\/portal\/wp-json\/wp\/v2\/posts\/61851","targetHints":{"allow":["GET"]}}],"collection":[{"href":"http:\/\/portalcatolico.net\/portal\/wp-json\/wp\/v2\/posts"}],"about":[{"href":"http:\/\/portalcatolico.net\/portal\/wp-json\/wp\/v2\/types\/post"}],"author":[{"embeddable":true,"href":"http:\/\/portalcatolico.net\/portal\/wp-json\/wp\/v2\/users\/2"}],"replies":[{"embeddable":true,"href":"http:\/\/portalcatolico.net\/portal\/wp-json\/wp\/v2\/comments?post=61851"}],"version-history":[{"count":1,"href":"http:\/\/portalcatolico.net\/portal\/wp-json\/wp\/v2\/posts\/61851\/revisions"}],"predecessor-version":[{"id":61854,"href":"http:\/\/portalcatolico.net\/portal\/wp-json\/wp\/v2\/posts\/61851\/revisions\/61854"}],"wp:featuredmedia":[{"embeddable":true,"href":"http:\/\/portalcatolico.net\/portal\/wp-json\/wp\/v2\/media\/61852"}],"wp:attachment":[{"href":"http:\/\/portalcatolico.net\/portal\/wp-json\/wp\/v2\/media?parent=61851"}],"wp:term":[{"taxonomy":"category","embeddable":true,"href":"http:\/\/portalcatolico.net\/portal\/wp-json\/wp\/v2\/categories?post=61851"},{"taxonomy":"post_tag","embeddable":true,"href":"http:\/\/portalcatolico.net\/portal\/wp-json\/wp\/v2\/tags?post=61851"}],"curies":[{"name":"wp","href":"https:\/\/api.w.org\/{rel}","templated":true}]}}