{"id":61848,"date":"2018-11-16T06:03:35","date_gmt":"2018-11-16T09:03:35","guid":{"rendered":"https:\/\/portalcatolico.net\/portal\/?p=61848"},"modified":"2018-11-16T06:03:35","modified_gmt":"2018-11-16T09:03:35","slug":"diocese-de-itabuna-realiza-a-trigesima-assembleia-diocesana-de-pastoral","status":"publish","type":"post","link":"http:\/\/portalcatolico.net\/portal\/diocese-de-itabuna-realiza-a-trigesima-assembleia-diocesana-de-pastoral\/","title":{"rendered":"Diocese de Itabuna realiza a trig\u00e9sima Assembleia Diocesana de Pastoral"},"content":{"rendered":"<div dir=\"auto\">A Diocese de Itabuna realizou nos dias 14 e 15 de novembro de 2018, no Centro Pastoral Diocesano, na cidade de Itabuna (BA), a trig\u00e9sima Assembleia Diocesana de Pastoral, com o tema geral: &#8220;Sal da Terra e Luz do mundo&#8221;, e o lema: &#8220;Crist\u00e3os leigos e leigas na Igreja e na sociedade&#8221; (MT 13-14).&nbsp;<\/div>\n<div dir=\"auto\">A Assembleia avaliativa teve como assessor, o Pe. Vinicius Mascarenhas, que apresentou o documento 102 da CNBB.<\/div>\n<div dir=\"auto\">Presb\u00edteros, religiosos, seminaristas e leigos, representando as diversas par\u00f3quias da Diocese, se dividiram em grupos de trabalho, onde puderam avaliar os desafios e avan\u00e7os da diocese a caminhada desde a \u00faltima assembleia.&nbsp;<\/div>\n<div dir=\"auto\">Finalizando as atividades, foi elaborado o calend\u00e1rio diocesano para o ano de 2019. Segundo o bispo diocesano, Dom Carlos Alberto dos Santos, o objetivo do evento foi: &#8220;Colocar em pr\u00e1tica as metas concretas que ser\u00e3o desenvolvidas durante este per\u00edodo pelas foranias que comp\u00f5em a Diocese de Itabuna&#8221;.&nbsp;<\/div>\n<div dir=\"auto\">O evento contou com a participa\u00e7\u00e3o de mais de 130 pessoas, entre agentes pastorais, sacerdotes, representantes de movimentos e associa\u00e7\u00f5es, al\u00e9m dos leigos engajados representando as 33 par\u00f3quias em 19 munic\u00edpios que comp\u00f5em a Diocese.&nbsp;<\/div>\n<div dir=\"auto\">Os organizadores disponibilizaram profissionais da \u00e1rea de sa\u00fade para aferi\u00e7\u00e3o de press\u00e3o arterial, medi\u00e7\u00e3o de&nbsp; glicose, entres outros servi\u00e7os.<\/div>\n<div dir=\"auto\">As celebra\u00e7\u00f5es eucar\u00edsticas foram realizadas na capela Nossa Senhora do Perp\u00e9tuo Socorro no local do evento.&nbsp;<\/div>\n<div dir=\"auto\">A Assembleia finalizou com a santa missa \u00e0s 18h, com a presid\u00eancia de Dom Carlos e a concelebra\u00e7\u00e3o pelo clero diocesano, di\u00e1conos e por alguns seminaristas do Semin\u00e1rio Proped\u00eautico.&nbsp;<\/div>\n<div dir=\"auto\">&nbsp;<\/div>\n<div dir=\"auto\">\u00c1lbuns de fotos.<a href=\"https:\/\/portalcatolico.net\/portal\/xxx-assembleia-diocesano-de-pastoral\/?fbclid=IwAR2tF-fgE9hxoVH49QhvGGRpM0jXZ-Lsh3qdSTw33RGvfvwwzhjD1JDp_xk\"><strong>Clique aqui<\/strong><\/a><\/div>\n","protected":false},"excerpt":{"rendered":"<p>A Diocese de Itabuna realizou nos dias 14 e 15 de novembro de 2018, no Centro Pastoral Diocesano, na cidade de Itabuna (BA), a trig\u00e9sima Assembleia Diocesana de Pastoral, com o tema geral: &#8220;Sal da Terra e Luz do mundo&#8221;, e o lema: &#8220;Crist\u00e3os leigos e leigas na Igreja e na sociedade&#8221; (MT 13-14).&nbsp; A&nbsp;<\/p>\n<p><a class=\"btn btn-style\" href=\"http:\/\/portalcatolico.net\/portal\/diocese-de-itabuna-realiza-a-trigesima-assembleia-diocesana-de-pastoral\/\">Continue Reading<\/a><\/p>\n","protected":false},"author":2,"featured_media":61849,"comment_status":"open","ping_status":"open","sticky":false,"template":"","format":"standard","meta":{"footnotes":""},"categories":[68],"tags":[],"class_list":["post-61848","post","type-post","status-publish","format-standard","has-post-thumbnail","hentry","category-homilias"],"_links":{"self":[{"href":"http:\/\/portalcatolico.net\/portal\/wp-json\/wp\/v2\/posts\/61848","targetHints":{"allow":["GET"]}}],"collection":[{"href":"http:\/\/portalcatolico.net\/portal\/wp-json\/wp\/v2\/posts"}],"about":[{"href":"http:\/\/portalcatolico.net\/portal\/wp-json\/wp\/v2\/types\/post"}],"author":[{"embeddable":true,"href":"http:\/\/portalcatolico.net\/portal\/wp-json\/wp\/v2\/users\/2"}],"replies":[{"embeddable":true,"href":"http:\/\/portalcatolico.net\/portal\/wp-json\/wp\/v2\/comments?post=61848"}],"version-history":[{"count":1,"href":"http:\/\/portalcatolico.net\/portal\/wp-json\/wp\/v2\/posts\/61848\/revisions"}],"predecessor-version":[{"id":61850,"href":"http:\/\/portalcatolico.net\/portal\/wp-json\/wp\/v2\/posts\/61848\/revisions\/61850"}],"wp:featuredmedia":[{"embeddable":true,"href":"http:\/\/portalcatolico.net\/portal\/wp-json\/wp\/v2\/media\/61849"}],"wp:attachment":[{"href":"http:\/\/portalcatolico.net\/portal\/wp-json\/wp\/v2\/media?parent=61848"}],"wp:term":[{"taxonomy":"category","embeddable":true,"href":"http:\/\/portalcatolico.net\/portal\/wp-json\/wp\/v2\/categories?post=61848"},{"taxonomy":"post_tag","embeddable":true,"href":"http:\/\/portalcatolico.net\/portal\/wp-json\/wp\/v2\/tags?post=61848"}],"curies":[{"name":"wp","href":"https:\/\/api.w.org\/{rel}","templated":true}]}}