{"id":61845,"date":"2018-11-15T22:03:56","date_gmt":"2018-11-16T01:03:56","guid":{"rendered":"https:\/\/portalcatolico.net\/portal\/?p=61845"},"modified":"2018-11-15T23:04:43","modified_gmt":"2018-11-16T02:04:43","slug":"papa-emerito-bento-xvi-incentiva-debate-no-vaticano-sobre-a-destruicao-da-ideia-de-direito","status":"publish","type":"post","link":"http:\/\/portalcatolico.net\/portal\/papa-emerito-bento-xvi-incentiva-debate-no-vaticano-sobre-a-destruicao-da-ideia-de-direito\/","title":{"rendered":"Papa Em\u00e9rito Bento XVI incentiva debate no Vaticano sobre a destrui\u00e7\u00e3o da ideia de direito"},"content":{"rendered":"<p>O Papa Em\u00e9rito&nbsp;Bento XVI&nbsp;mostrou seu apoio ao debate sobre direitos humanos que se est\u00e1 desenvolvendo no Vaticano durante estes dias e sua preocupa\u00e7\u00e3o pela destrui\u00e7\u00e3o da ideia de direito bem como o&nbsp;advento&nbsp;de novos \u201cdireitos\u201d que surgem ao distorcer as verdadeiras no\u00e7\u00f5es oferecidas pela declara\u00e7\u00e3o universal dos direitos humanos.<\/p>\n<p>Em concreto, em uma carta enviada ao Pe. Federico Lombardi com motivo do Simp\u00f3sio Internacional sobre o tema \u201cDireitos fundamentais e conflito entre direitos\u201d, organizado em colabora\u00e7\u00e3o entre a Funda\u00e7\u00e3o Vaticana&nbsp;Joseph Ratzinger-Bento XVI e a Libera Universit\u00e0 Maria Santissima Assunta, o Papa em\u00e9rito Bento XVI considerou a import\u00e2ncia de \u201cque se fale explicitamente sobre a problem\u00e1tica da \u2018multiplica\u00e7\u00e3o de direitos\u2019 e do risco da \u2018destrui\u00e7\u00e3o da id\u00e9ia de direito\u2019\u201d.<\/p>\n<p>Neste sentido, considerou que este simp\u00f3sio \u00e9 uma \u201ciniciativa extraordinariamente \u00fatil\u201d. O tema, diz o Papa Ratzinger, \u201c\u00c9 uma quest\u00e3o atual e fundamental para tutelar as bases de conviv\u00eancia da fam\u00edlia humana, que merece ser, uma vez mais, situada como objeto de uma reflex\u00e3o profunda e sistem\u00e1tica\u201d.<\/p>\n<p>Por isso, \u201cofere\u00e7o a todos os relatores e participantes no Simp\u00f3sio minha estima e minha proximidade na ora\u00e7\u00e3o para que o Senhor aben\u00e7oe os trabalhos como um precioso servi\u00e7o para a&nbsp;Igreja&nbsp;e para o bem da fam\u00edlia humana\u201d.(ACI Digital)<\/p>\n<p>Papa Em\u00e9rito Bento XVI. Foto: ACI Prensa<\/p>\n","protected":false},"excerpt":{"rendered":"<p>O Papa Em\u00e9rito&nbsp;Bento XVI&nbsp;mostrou seu apoio ao debate sobre direitos humanos que se est\u00e1 desenvolvendo no Vaticano durante estes dias e sua preocupa\u00e7\u00e3o pela destrui\u00e7\u00e3o da ideia de direito bem como o&nbsp;advento&nbsp;de novos \u201cdireitos\u201d que surgem ao distorcer as verdadeiras no\u00e7\u00f5es oferecidas pela declara\u00e7\u00e3o universal dos direitos humanos. Em concreto, em uma carta enviada ao&nbsp;<\/p>\n<p><a class=\"btn btn-style\" href=\"http:\/\/portalcatolico.net\/portal\/papa-emerito-bento-xvi-incentiva-debate-no-vaticano-sobre-a-destruicao-da-ideia-de-direito\/\">Continue Reading<\/a><\/p>\n","protected":false},"author":2,"featured_media":61846,"comment_status":"open","ping_status":"open","sticky":false,"template":"","format":"standard","meta":{"footnotes":""},"categories":[5],"tags":[],"class_list":["post-61845","post","type-post","status-publish","format-standard","has-post-thumbnail","hentry","category-igreja_no_mundo"],"_links":{"self":[{"href":"http:\/\/portalcatolico.net\/portal\/wp-json\/wp\/v2\/posts\/61845","targetHints":{"allow":["GET"]}}],"collection":[{"href":"http:\/\/portalcatolico.net\/portal\/wp-json\/wp\/v2\/posts"}],"about":[{"href":"http:\/\/portalcatolico.net\/portal\/wp-json\/wp\/v2\/types\/post"}],"author":[{"embeddable":true,"href":"http:\/\/portalcatolico.net\/portal\/wp-json\/wp\/v2\/users\/2"}],"replies":[{"embeddable":true,"href":"http:\/\/portalcatolico.net\/portal\/wp-json\/wp\/v2\/comments?post=61845"}],"version-history":[{"count":1,"href":"http:\/\/portalcatolico.net\/portal\/wp-json\/wp\/v2\/posts\/61845\/revisions"}],"predecessor-version":[{"id":61847,"href":"http:\/\/portalcatolico.net\/portal\/wp-json\/wp\/v2\/posts\/61845\/revisions\/61847"}],"wp:featuredmedia":[{"embeddable":true,"href":"http:\/\/portalcatolico.net\/portal\/wp-json\/wp\/v2\/media\/61846"}],"wp:attachment":[{"href":"http:\/\/portalcatolico.net\/portal\/wp-json\/wp\/v2\/media?parent=61845"}],"wp:term":[{"taxonomy":"category","embeddable":true,"href":"http:\/\/portalcatolico.net\/portal\/wp-json\/wp\/v2\/categories?post=61845"},{"taxonomy":"post_tag","embeddable":true,"href":"http:\/\/portalcatolico.net\/portal\/wp-json\/wp\/v2\/tags?post=61845"}],"curies":[{"name":"wp","href":"https:\/\/api.w.org\/{rel}","templated":true}]}}