{"id":61654,"date":"2018-11-15T07:33:05","date_gmt":"2018-11-15T10:33:05","guid":{"rendered":"https:\/\/portalcatolico.net\/portal\/?p=61654"},"modified":"2018-11-15T07:33:05","modified_gmt":"2018-11-15T10:33:05","slug":"comunidade-de-alianca-santa-cecilia-realiza-festa-da-padroeira","status":"publish","type":"post","link":"http:\/\/portalcatolico.net\/portal\/comunidade-de-alianca-santa-cecilia-realiza-festa-da-padroeira\/","title":{"rendered":"Comunidade de Alian\u00e7a Santa Cec\u00edlia realiza festa da padroeira"},"content":{"rendered":"<div dir=\"auto\">Do dia 16&nbsp; at\u00e9 22 de novembro, na sede da Comunidade, situada na Rua P, 18B, Alto da Lua, Bairro Mangabinha, em Itabuna (BA), acontecer\u00e3o as celebra\u00e7\u00f5es na Capela de Ora\u00e7\u00e3o Santa Cec\u00edlia em comemora\u00e7\u00e3o \u00e0 festa da santa padroeira.<\/div>\n<div dir=\"auto\">Santa Cec\u00edlia \u00e9 uma mulher de voz doce, que se tornou um exemplo de devo\u00e7\u00e3o e convic\u00e7\u00e3o \u00e0 f\u00e9 crist\u00e3. Assim, pode ser classificada a padroeira dos m\u00fasicos.<\/div>\n<div dir=\"auto\">Entre os cat\u00f3licos, Santa Cec\u00edlia \u00e9 uma das m\u00e1rtires mais veneradas durante a Idade M\u00e9dia e possui, at\u00e9 hoje, muitos devotos.<\/div>\n<div dir=\"auto\">&nbsp;<\/div>\n<div dir=\"auto\">Foto:Divulga\u00e7\u00e3o<\/div>\n<div dir=\"auto\">&nbsp;<\/div>\n<div dir=\"auto\">&nbsp; &nbsp; &nbsp; &nbsp; &nbsp; &nbsp; &nbsp; &nbsp; &nbsp; &nbsp; Confira nos cartazes, a programa\u00e7\u00e3o completa e participe!<\/div>\n<div dir=\"auto\"><img loading=\"lazy\" decoding=\"async\" class=\"wp-image-61655 aligncenter\" src=\"https:\/\/portalcatolico.net\/portal\/wp-content\/uploads\/2018\/11\/45936349_2237078236506789_7301819624427880448_n-300x225.jpg\" alt=\"\" width=\"731\" height=\"548\" srcset=\"http:\/\/portalcatolico.net\/portal\/wp-content\/uploads\/2018\/11\/45936349_2237078236506789_7301819624427880448_n-300x225.jpg 300w, http:\/\/portalcatolico.net\/portal\/wp-content\/uploads\/2018\/11\/45936349_2237078236506789_7301819624427880448_n-768x577.jpg 768w, http:\/\/portalcatolico.net\/portal\/wp-content\/uploads\/2018\/11\/45936349_2237078236506789_7301819624427880448_n.jpg 960w\" sizes=\"auto, (max-width: 731px) 100vw, 731px\" \/><\/div>\n<div dir=\"auto\"><img loading=\"lazy\" decoding=\"async\" class=\"wp-image-61656 aligncenter\" src=\"https:\/\/portalcatolico.net\/portal\/wp-content\/uploads\/2018\/11\/46076572_2237081223173157_4085704437660647424_n-300x217.jpg\" alt=\"\" width=\"733\" height=\"530\" srcset=\"http:\/\/portalcatolico.net\/portal\/wp-content\/uploads\/2018\/11\/46076572_2237081223173157_4085704437660647424_n-300x217.jpg 300w, http:\/\/portalcatolico.net\/portal\/wp-content\/uploads\/2018\/11\/46076572_2237081223173157_4085704437660647424_n-768x556.jpg 768w, http:\/\/portalcatolico.net\/portal\/wp-content\/uploads\/2018\/11\/46076572_2237081223173157_4085704437660647424_n.jpg 960w\" sizes=\"auto, (max-width: 733px) 100vw, 733px\" \/><\/div>\n","protected":false},"excerpt":{"rendered":"<p>Do dia 16&nbsp; at\u00e9 22 de novembro, na sede da Comunidade, situada na Rua P, 18B, Alto da Lua, Bairro Mangabinha, em Itabuna (BA), acontecer\u00e3o as celebra\u00e7\u00f5es na Capela de Ora\u00e7\u00e3o Santa Cec\u00edlia em comemora\u00e7\u00e3o \u00e0 festa da santa padroeira. Santa Cec\u00edlia \u00e9 uma mulher de voz doce, que se tornou um exemplo de devo\u00e7\u00e3o&nbsp;<\/p>\n<p><a class=\"btn btn-style\" href=\"http:\/\/portalcatolico.net\/portal\/comunidade-de-alianca-santa-cecilia-realiza-festa-da-padroeira\/\">Continue Reading<\/a><\/p>\n","protected":false},"author":2,"featured_media":61657,"comment_status":"open","ping_status":"open","sticky":false,"template":"","format":"standard","meta":{"footnotes":""},"categories":[1],"tags":[],"class_list":["post-61654","post","type-post","status-publish","format-standard","has-post-thumbnail","hentry","category-agenda"],"_links":{"self":[{"href":"http:\/\/portalcatolico.net\/portal\/wp-json\/wp\/v2\/posts\/61654","targetHints":{"allow":["GET"]}}],"collection":[{"href":"http:\/\/portalcatolico.net\/portal\/wp-json\/wp\/v2\/posts"}],"about":[{"href":"http:\/\/portalcatolico.net\/portal\/wp-json\/wp\/v2\/types\/post"}],"author":[{"embeddable":true,"href":"http:\/\/portalcatolico.net\/portal\/wp-json\/wp\/v2\/users\/2"}],"replies":[{"embeddable":true,"href":"http:\/\/portalcatolico.net\/portal\/wp-json\/wp\/v2\/comments?post=61654"}],"version-history":[{"count":1,"href":"http:\/\/portalcatolico.net\/portal\/wp-json\/wp\/v2\/posts\/61654\/revisions"}],"predecessor-version":[{"id":61658,"href":"http:\/\/portalcatolico.net\/portal\/wp-json\/wp\/v2\/posts\/61654\/revisions\/61658"}],"wp:featuredmedia":[{"embeddable":true,"href":"http:\/\/portalcatolico.net\/portal\/wp-json\/wp\/v2\/media\/61657"}],"wp:attachment":[{"href":"http:\/\/portalcatolico.net\/portal\/wp-json\/wp\/v2\/media?parent=61654"}],"wp:term":[{"taxonomy":"category","embeddable":true,"href":"http:\/\/portalcatolico.net\/portal\/wp-json\/wp\/v2\/categories?post=61654"},{"taxonomy":"post_tag","embeddable":true,"href":"http:\/\/portalcatolico.net\/portal\/wp-json\/wp\/v2\/tags?post=61654"}],"curies":[{"name":"wp","href":"https:\/\/api.w.org\/{rel}","templated":true}]}}