{"id":61649,"date":"2018-11-13T23:32:33","date_gmt":"2018-11-14T02:32:33","guid":{"rendered":"https:\/\/portalcatolico.net\/portal\/?p=61649"},"modified":"2018-11-14T22:33:46","modified_gmt":"2018-11-15T01:33:46","slug":"conselho-regional-episcopal-se-reune-em-salvador","status":"publish","type":"post","link":"http:\/\/portalcatolico.net\/portal\/conselho-regional-episcopal-se-reune-em-salvador\/","title":{"rendered":"Conselho Regional Episcopal se re\u00fane em Salvador"},"content":{"rendered":"<p><img loading=\"lazy\" decoding=\"async\" class=\"size-medium wp-image-61652 alignleft\" src=\"https:\/\/portalcatolico.net\/portal\/wp-content\/uploads\/2018\/11\/Reuni\u00e3o-do-CONSER-13112018-fotos-Patr\u00edcia-Luz-8-768x512-1-300x200.jpg\" alt=\"\" width=\"300\" height=\"200\" srcset=\"http:\/\/portalcatolico.net\/portal\/wp-content\/uploads\/2018\/11\/Reuni\u00e3o-do-CONSER-13112018-fotos-Patr\u00edcia-Luz-8-768x512-1-300x200.jpg 300w, http:\/\/portalcatolico.net\/portal\/wp-content\/uploads\/2018\/11\/Reuni\u00e3o-do-CONSER-13112018-fotos-Patr\u00edcia-Luz-8-768x512-1.jpg 768w\" sizes=\"auto, (max-width: 300px) 100vw, 300px\" \/>Os bispos das dioceses que comp\u00f5em o Regional Nordeste 3 da CNBB est\u00e3o reunidos no CTL de Salvador, at\u00e9 amanh\u00e3 (14), para a \u00faltima reuni\u00e3o do ano. O Conselho Regional Episcopal (CONSER) \u00e9 o \u00f3rg\u00e3o colegial, que coordena a a\u00e7\u00e3o evangelizadora e anima a pastoral de conjunto do Regional.<\/p>\n<p>O encontro \u00e9 uma oportunidade para a avalia\u00e7\u00e3o das a\u00e7\u00f5es evangelizadoras desenvolvidas ao longo de 2018 no Regional e para o planejamento das atividades que ser\u00e3o realizadas em 2019. Para o secret\u00e1rio executivo do Regional e bispo de Propri\u00e1, Dom Vitor Menezes, \u201cNossa reuni\u00e3o \u00e9 um momento forte de comunh\u00e3o entre os bispos, de partilha fraterna e planejamento da caminhada da Igreja no Regional\u201d, definiu.<\/p>\n<p>Durante a manh\u00e3 de hoje (13), dois assuntos pautaram a reuni\u00e3o. O primeiro tema foi os cursos de noivos e a prepara\u00e7\u00e3o dos jovens para o matrim\u00f4nio. As reflex\u00f5es sobre o assunto foram conduzidas por Andr\u00e9 Pareira, da Diocese de S\u00e3o Jo\u00e3o Del Rey (MG) e membro da Comiss\u00e3o Nacional da Pastoral Familiar.<\/p>\n<p>Ao longo de sua exposi\u00e7\u00e3o, Andr\u00e9 fez uma mem\u00f3ria do percurso que a Igreja fez, atrav\u00e9s dos seus documentos, sobre a prepara\u00e7\u00e3o para o matrim\u00f4nio. \u201cPrecisamos compreender a necessidade de uma prepara\u00e7\u00e3o que tem in\u00edcio bem antes. Ao inv\u00e9s de falar em encontro de noivos, devemos ampliar a consci\u00eancia e desenvolver encontros de prepara\u00e7\u00e3o para a vida familiar\u201d, afirmou.<\/p>\n<p>Outro tema da pauta foi o Tribunal Eclesi\u00e1stico e andamento dos trabalhos. A tarde, os bispos realizaram uma visita ao Centro Hist\u00f3rico de Salvador e tiveram a oportunidade de visitar algumas das igrejas hist\u00f3ricas, em especial a Catedral Bas\u00edlica de Salvador, que ap\u00f3s um longo per\u00edodo de restaura\u00e7\u00e3o foi reaberta ao p\u00fablico no m\u00eas de setembro.<\/p>\n<p>Fotos e texto: Patr\u00edcia Luz\/Regional Nordeste III<\/p>\n","protected":false},"excerpt":{"rendered":"<p>Os bispos das dioceses que comp\u00f5em o Regional Nordeste 3 da CNBB est\u00e3o reunidos no CTL de Salvador, at\u00e9 amanh\u00e3 (14), para a \u00faltima reuni\u00e3o do ano. O Conselho Regional Episcopal (CONSER) \u00e9 o \u00f3rg\u00e3o colegial, que coordena a a\u00e7\u00e3o evangelizadora e anima a pastoral de conjunto do Regional. O encontro \u00e9 uma oportunidade para&nbsp;<\/p>\n<p><a class=\"btn btn-style\" href=\"http:\/\/portalcatolico.net\/portal\/conselho-regional-episcopal-se-reune-em-salvador\/\">Continue Reading<\/a><\/p>\n","protected":false},"author":2,"featured_media":61650,"comment_status":"open","ping_status":"open","sticky":false,"template":"","format":"standard","meta":{"footnotes":""},"categories":[3],"tags":[],"class_list":["post-61649","post","type-post","status-publish","format-standard","has-post-thumbnail","hentry","category-noticias_regionais"],"_links":{"self":[{"href":"http:\/\/portalcatolico.net\/portal\/wp-json\/wp\/v2\/posts\/61649","targetHints":{"allow":["GET"]}}],"collection":[{"href":"http:\/\/portalcatolico.net\/portal\/wp-json\/wp\/v2\/posts"}],"about":[{"href":"http:\/\/portalcatolico.net\/portal\/wp-json\/wp\/v2\/types\/post"}],"author":[{"embeddable":true,"href":"http:\/\/portalcatolico.net\/portal\/wp-json\/wp\/v2\/users\/2"}],"replies":[{"embeddable":true,"href":"http:\/\/portalcatolico.net\/portal\/wp-json\/wp\/v2\/comments?post=61649"}],"version-history":[{"count":2,"href":"http:\/\/portalcatolico.net\/portal\/wp-json\/wp\/v2\/posts\/61649\/revisions"}],"predecessor-version":[{"id":61653,"href":"http:\/\/portalcatolico.net\/portal\/wp-json\/wp\/v2\/posts\/61649\/revisions\/61653"}],"wp:featuredmedia":[{"embeddable":true,"href":"http:\/\/portalcatolico.net\/portal\/wp-json\/wp\/v2\/media\/61650"}],"wp:attachment":[{"href":"http:\/\/portalcatolico.net\/portal\/wp-json\/wp\/v2\/media?parent=61649"}],"wp:term":[{"taxonomy":"category","embeddable":true,"href":"http:\/\/portalcatolico.net\/portal\/wp-json\/wp\/v2\/categories?post=61649"},{"taxonomy":"post_tag","embeddable":true,"href":"http:\/\/portalcatolico.net\/portal\/wp-json\/wp\/v2\/tags?post=61649"}],"curies":[{"name":"wp","href":"https:\/\/api.w.org\/{rel}","templated":true}]}}