{"id":61646,"date":"2018-11-14T22:16:09","date_gmt":"2018-11-15T01:16:09","guid":{"rendered":"https:\/\/portalcatolico.net\/portal\/?p=61646"},"modified":"2018-11-14T22:16:09","modified_gmt":"2018-11-15T01:16:09","slug":"2-aviva-jovem-acontece-neste-fim-de-semana-em-ibicarai","status":"publish","type":"post","link":"http:\/\/portalcatolico.net\/portal\/2-aviva-jovem-acontece-neste-fim-de-semana-em-ibicarai\/","title":{"rendered":"2\u00b0 Aviva Jovem acontece neste fim de semana em Ibicara\u00ed"},"content":{"rendered":"<p style=\"font-weight: 400;\">Nos dias 17 e 18 de novembro vai acontecer o&nbsp;&nbsp;o 2\u00b0 Aviva Jovem na Comunidade S\u00e3o Jorge&nbsp;,&nbsp;distrito de&nbsp; Cajueiro Velho em Ibicara\u00ed (BA).<\/p>\n<p style=\"font-weight: 400;\">O evento ter\u00e1&nbsp;abertura no s\u00e1bado, dia 17, \u00e0s 18h30 e continua no domingo, 18,&nbsp;<br \/>\n\u00e0s 7:30h.<\/p>\n<p style=\"font-weight: 400;\">Na eventualidade, Vai ter muito&nbsp;louvor, adora\u00e7\u00e3o, prega\u00e7\u00e3o, testemunhos, lual&nbsp; e santa missa.<\/p>\n<p style=\"font-weight: 400;\">&nbsp;O tema do Aviva Jovem \u00e9:&#8221; Eis-me aqui, fa\u00e7a-se, em mim a tua palavra.&#8221;<br \/>\nA Realiza\u00e7\u00e3o \u00e9&nbsp; do Grupo Jovem Amigos pela F\u00e9 e Padre Wesley Concei\u00e7\u00e3o&nbsp; &nbsp;do Carmo, p\u00e1roco da par\u00f3quia Senhor Menino da cidade de Ibicara\u00ed.<\/p>\n<p style=\"font-weight: 400;\">O II&nbsp;Aviva Jovem que tem como finalidade animar e fortalecer todos os jovens&nbsp; que buscam dar uma resposta positiva ao chamado de Deus.<\/p>\n","protected":false},"excerpt":{"rendered":"<p>Nos dias 17 e 18 de novembro vai acontecer o&nbsp;&nbsp;o 2\u00b0 Aviva Jovem na Comunidade S\u00e3o Jorge&nbsp;,&nbsp;distrito de&nbsp; Cajueiro Velho em Ibicara\u00ed (BA). O evento ter\u00e1&nbsp;abertura no s\u00e1bado, dia 17, \u00e0s 18h30 e continua no domingo, 18,&nbsp; \u00e0s 7:30h. Na eventualidade, Vai ter muito&nbsp;louvor, adora\u00e7\u00e3o, prega\u00e7\u00e3o, testemunhos, lual&nbsp; e santa missa. &nbsp;O tema do Aviva&nbsp;<\/p>\n<p><a class=\"btn btn-style\" href=\"http:\/\/portalcatolico.net\/portal\/2-aviva-jovem-acontece-neste-fim-de-semana-em-ibicarai\/\">Continue Reading<\/a><\/p>\n","protected":false},"author":2,"featured_media":61647,"comment_status":"open","ping_status":"open","sticky":false,"template":"","format":"standard","meta":{"footnotes":""},"categories":[1],"tags":[],"class_list":["post-61646","post","type-post","status-publish","format-standard","has-post-thumbnail","hentry","category-agenda"],"_links":{"self":[{"href":"http:\/\/portalcatolico.net\/portal\/wp-json\/wp\/v2\/posts\/61646","targetHints":{"allow":["GET"]}}],"collection":[{"href":"http:\/\/portalcatolico.net\/portal\/wp-json\/wp\/v2\/posts"}],"about":[{"href":"http:\/\/portalcatolico.net\/portal\/wp-json\/wp\/v2\/types\/post"}],"author":[{"embeddable":true,"href":"http:\/\/portalcatolico.net\/portal\/wp-json\/wp\/v2\/users\/2"}],"replies":[{"embeddable":true,"href":"http:\/\/portalcatolico.net\/portal\/wp-json\/wp\/v2\/comments?post=61646"}],"version-history":[{"count":1,"href":"http:\/\/portalcatolico.net\/portal\/wp-json\/wp\/v2\/posts\/61646\/revisions"}],"predecessor-version":[{"id":61648,"href":"http:\/\/portalcatolico.net\/portal\/wp-json\/wp\/v2\/posts\/61646\/revisions\/61648"}],"wp:featuredmedia":[{"embeddable":true,"href":"http:\/\/portalcatolico.net\/portal\/wp-json\/wp\/v2\/media\/61647"}],"wp:attachment":[{"href":"http:\/\/portalcatolico.net\/portal\/wp-json\/wp\/v2\/media?parent=61646"}],"wp:term":[{"taxonomy":"category","embeddable":true,"href":"http:\/\/portalcatolico.net\/portal\/wp-json\/wp\/v2\/categories?post=61646"},{"taxonomy":"post_tag","embeddable":true,"href":"http:\/\/portalcatolico.net\/portal\/wp-json\/wp\/v2\/tags?post=61646"}],"curies":[{"name":"wp","href":"https:\/\/api.w.org\/{rel}","templated":true}]}}