{"id":61642,"date":"2018-11-13T21:51:46","date_gmt":"2018-11-14T00:51:46","guid":{"rendered":"https:\/\/portalcatolico.net\/portal\/?p=61642"},"modified":"2018-11-13T21:52:32","modified_gmt":"2018-11-14T00:52:32","slug":"comunidade-catolica-de-ilheus-celebra-aniversario-da-escola-de-teologia","status":"publish","type":"post","link":"http:\/\/portalcatolico.net\/portal\/comunidade-catolica-de-ilheus-celebra-aniversario-da-escola-de-teologia\/","title":{"rendered":"Comunidade cat\u00f3lica de Ilh\u00e9us celebra anivers\u00e1rio da escola de Teologia"},"content":{"rendered":"<p style=\"font-weight: 400;\">A comunidade cat\u00f3lica de Ilh\u00e9us est\u00e1 comemorando o anivers\u00e1rio da Escola de Teologia para leigos (ETEL). S\u00e3o 30 anos circulando conhecimento.&nbsp;<\/p>\n<p style=\"font-weight: 400;\">Aconteceu no \u00faltimo s\u00e1bado (10), uma missa em a\u00e7\u00e3o de gra\u00e7as pela data comemorativa.<\/p>\n<p style=\"font-weight: 400;\">A celebra\u00e7\u00e3o Eucar\u00edstica foi&nbsp;realizada, neste s\u00e1bado, 10 de novembro de 2018, \u00e1s 19h, na Catedral de&nbsp;S\u00e3o Sebasti\u00e3o, com a presid\u00eancia do Bispo Diocesano da Diocese de&nbsp;Ilh\u00e9us, Dom Mauro Montagnoli e concelebrada pelos padres e di\u00e1conos das&nbsp;&nbsp;40 par\u00f3quias da Diocese, pois todos os sacerdotes estavam participando&nbsp;&nbsp;da Assembleia Diocesana. Logo ap\u00f3s a santa missa, aconteceu a Solenidade de&nbsp;assinatura do conv\u00eanio entre a Diocese de Ilh\u00e9us, no litoral sul da&nbsp;Bahia&nbsp;e a Universidade do Estado da Bahia (UNEB).<\/p>\n<p style=\"font-weight: 400;\">O n\u00facleo da escola foi descentralizado e outras quatro cidades da Regi\u00e3o Sul tamb\u00e9m s\u00e3o atendidas. Recentemente, o curso oferecido pela Escola de Teologia de Ilh\u00e9us recebeu o reconhecimento da Universidade Estadual da Bahia.<\/p>\n<p style=\"font-weight: 400;\">O curso tem um total de 180 horas e as aulas acontecem toda semana. S\u00e3o v\u00e1rios os temas ligados a f\u00e9&nbsp;cat\u00f3lica.<\/p>\n<p style=\"font-weight: 400;\">Segundo Padre Dami\u00e3o Borges, diretor da escola: &#8220;A escola t\u00eam n\u00facleos em Ipia\u00fa, Gand\u00fa e Igrapi\u00fana. O curso tem um total de 180 horas e as aulas acontecem toda semana. S\u00e3o v\u00e1rios os temas ligados a f\u00e9&nbsp;cat\u00f3lica&#8221;.<\/p>\n<p style=\"font-weight: 400;\">A escola foi criada em 1988 por Dom Valfredo Tepe e Dom Mauro Montagnolli continuou o trabalho. Atualmente 250 alunos est\u00e3o matriculados.<\/p>\n<p>Texto:Portal Cat\u00f3lico. Net<\/p>\n<p style=\"font-weight: 400;\">&nbsp;<\/p>\n<p style=\"font-weight: 400;\">&nbsp;<\/p>\n<p>&nbsp;<\/p>\n","protected":false},"excerpt":{"rendered":"<p>A comunidade cat\u00f3lica de Ilh\u00e9us est\u00e1 comemorando o anivers\u00e1rio da Escola de Teologia para leigos (ETEL). S\u00e3o 30 anos circulando conhecimento.&nbsp; Aconteceu no \u00faltimo s\u00e1bado (10), uma missa em a\u00e7\u00e3o de gra\u00e7as pela data comemorativa. A celebra\u00e7\u00e3o Eucar\u00edstica foi&nbsp;realizada, neste s\u00e1bado, 10 de novembro de 2018, \u00e1s 19h, na Catedral de&nbsp;S\u00e3o Sebasti\u00e3o, com a presid\u00eancia&nbsp;<\/p>\n<p><a class=\"btn btn-style\" href=\"http:\/\/portalcatolico.net\/portal\/comunidade-catolica-de-ilheus-celebra-aniversario-da-escola-de-teologia\/\">Continue Reading<\/a><\/p>\n","protected":false},"author":2,"featured_media":61643,"comment_status":"open","ping_status":"open","sticky":false,"template":"","format":"standard","meta":{"footnotes":""},"categories":[68],"tags":[],"class_list":["post-61642","post","type-post","status-publish","format-standard","has-post-thumbnail","hentry","category-homilias"],"_links":{"self":[{"href":"http:\/\/portalcatolico.net\/portal\/wp-json\/wp\/v2\/posts\/61642","targetHints":{"allow":["GET"]}}],"collection":[{"href":"http:\/\/portalcatolico.net\/portal\/wp-json\/wp\/v2\/posts"}],"about":[{"href":"http:\/\/portalcatolico.net\/portal\/wp-json\/wp\/v2\/types\/post"}],"author":[{"embeddable":true,"href":"http:\/\/portalcatolico.net\/portal\/wp-json\/wp\/v2\/users\/2"}],"replies":[{"embeddable":true,"href":"http:\/\/portalcatolico.net\/portal\/wp-json\/wp\/v2\/comments?post=61642"}],"version-history":[{"count":2,"href":"http:\/\/portalcatolico.net\/portal\/wp-json\/wp\/v2\/posts\/61642\/revisions"}],"predecessor-version":[{"id":61645,"href":"http:\/\/portalcatolico.net\/portal\/wp-json\/wp\/v2\/posts\/61642\/revisions\/61645"}],"wp:featuredmedia":[{"embeddable":true,"href":"http:\/\/portalcatolico.net\/portal\/wp-json\/wp\/v2\/media\/61643"}],"wp:attachment":[{"href":"http:\/\/portalcatolico.net\/portal\/wp-json\/wp\/v2\/media?parent=61642"}],"wp:term":[{"taxonomy":"category","embeddable":true,"href":"http:\/\/portalcatolico.net\/portal\/wp-json\/wp\/v2\/categories?post=61642"},{"taxonomy":"post_tag","embeddable":true,"href":"http:\/\/portalcatolico.net\/portal\/wp-json\/wp\/v2\/tags?post=61642"}],"curies":[{"name":"wp","href":"https:\/\/api.w.org\/{rel}","templated":true}]}}