{"id":61639,"date":"2018-11-14T00:33:38","date_gmt":"2018-11-14T03:33:38","guid":{"rendered":"https:\/\/portalcatolico.net\/portal\/?p=61639"},"modified":"2018-11-13T19:34:04","modified_gmt":"2018-11-13T22:34:04","slug":"paroquia-em-itabuna-realiza-feira-de-artesanato","status":"publish","type":"post","link":"http:\/\/portalcatolico.net\/portal\/paroquia-em-itabuna-realiza-feira-de-artesanato\/","title":{"rendered":"Par\u00f3quia em Itabuna realiza Feira de Artesanato"},"content":{"rendered":"<p><em>A comunidade S\u00e3o Jo\u00e3o Batista da Par\u00f3quia Nossa Senhora de F\u00e1tima promover\u00e1 uma FEIRA DE ARTESANATO no Centro de Pastoral da Par\u00f3quia no dia 15 de dezembro \u00e0s 15hs em prol da constru\u00e7\u00e3o da Capela de S\u00e3o Jo\u00e3o Batista. A feira de Artesanato tem por objetivo adquirir doa\u00e7\u00f5es de artes em geral de pessoas com dom ART\u00cdSTICO, expor \u00e0 venda na nossa Par\u00f3quia esses talentos. <\/em><\/p>\n<p><em>O valor arrecadado ser\u00e1 revertido em material para CONSTRU\u00c7\u00c3O da Igreja de S\u00e3o Jo\u00e3o Batista. Quem desejar doar algum elemento de artesanato, basta &nbsp;entrar em contato com Maria Jos\u00e9 ou com a secretaria paroquial. Informa\u00e7\u00f5es da secretaria da par\u00f3quia pelo telefone (73) 3212-2635<\/em><\/p>\n<p><em>Texto: Par\u00f3quia Nossa Senhora de F\u00e1tima <\/em><\/p>\n","protected":false},"excerpt":{"rendered":"<p>A comunidade S\u00e3o Jo\u00e3o Batista da Par\u00f3quia Nossa Senhora de F\u00e1tima promover\u00e1 uma FEIRA DE ARTESANATO no Centro de Pastoral da Par\u00f3quia no dia 15 de dezembro \u00e0s 15hs em prol da constru\u00e7\u00e3o da Capela de S\u00e3o Jo\u00e3o Batista. A feira de Artesanato tem por objetivo adquirir doa\u00e7\u00f5es de artes em geral de pessoas com&nbsp;<\/p>\n<p><a class=\"btn btn-style\" href=\"http:\/\/portalcatolico.net\/portal\/paroquia-em-itabuna-realiza-feira-de-artesanato\/\">Continue Reading<\/a><\/p>\n","protected":false},"author":2,"featured_media":61640,"comment_status":"open","ping_status":"open","sticky":false,"template":"","format":"standard","meta":{"footnotes":""},"categories":[1],"tags":[],"class_list":["post-61639","post","type-post","status-publish","format-standard","has-post-thumbnail","hentry","category-agenda"],"_links":{"self":[{"href":"http:\/\/portalcatolico.net\/portal\/wp-json\/wp\/v2\/posts\/61639","targetHints":{"allow":["GET"]}}],"collection":[{"href":"http:\/\/portalcatolico.net\/portal\/wp-json\/wp\/v2\/posts"}],"about":[{"href":"http:\/\/portalcatolico.net\/portal\/wp-json\/wp\/v2\/types\/post"}],"author":[{"embeddable":true,"href":"http:\/\/portalcatolico.net\/portal\/wp-json\/wp\/v2\/users\/2"}],"replies":[{"embeddable":true,"href":"http:\/\/portalcatolico.net\/portal\/wp-json\/wp\/v2\/comments?post=61639"}],"version-history":[{"count":1,"href":"http:\/\/portalcatolico.net\/portal\/wp-json\/wp\/v2\/posts\/61639\/revisions"}],"predecessor-version":[{"id":61641,"href":"http:\/\/portalcatolico.net\/portal\/wp-json\/wp\/v2\/posts\/61639\/revisions\/61641"}],"wp:featuredmedia":[{"embeddable":true,"href":"http:\/\/portalcatolico.net\/portal\/wp-json\/wp\/v2\/media\/61640"}],"wp:attachment":[{"href":"http:\/\/portalcatolico.net\/portal\/wp-json\/wp\/v2\/media?parent=61639"}],"wp:term":[{"taxonomy":"category","embeddable":true,"href":"http:\/\/portalcatolico.net\/portal\/wp-json\/wp\/v2\/categories?post=61639"},{"taxonomy":"post_tag","embeddable":true,"href":"http:\/\/portalcatolico.net\/portal\/wp-json\/wp\/v2\/tags?post=61639"}],"curies":[{"name":"wp","href":"https:\/\/api.w.org\/{rel}","templated":true}]}}