{"id":61635,"date":"2018-11-13T06:06:17","date_gmt":"2018-11-13T09:06:17","guid":{"rendered":"https:\/\/portalcatolico.net\/portal\/?p=61635"},"modified":"2018-11-13T06:30:24","modified_gmt":"2018-11-13T09:30:24","slug":"vem-ai-o-19o-enchei-vos-em-itororo-participe","status":"publish","type":"post","link":"http:\/\/portalcatolico.net\/portal\/vem-ai-o-19o-enchei-vos-em-itororo-participe\/","title":{"rendered":"Vem a\u00ed o 19\u00ba Enchei-vos em Itoror\u00f3. Participe!"},"content":{"rendered":"<p style=\"font-weight: 400;\">O Grupo de Ora\u00e7\u00e3o Filhos da Esperan\u00e7a (RCC) e a par\u00f3quia Santo Ant\u00f4nio&nbsp; da cidade de Itoror\u00f3 (BA) convidam a todos para participarem do Enchei-vos 2018. Este evento acontece em Itoror\u00f3 h\u00e1 19 anos.<\/p>\n<p style=\"font-weight: 400;\">O tema para este ano: &#8220;Eis que estou a porta e bato&#8221; Ap&nbsp;3:20. E est\u00e1 marcado para os dias 17 e 18 de Novembro na quadra do&nbsp;Col\u00e9gio Julieta Pontes. A inscri\u00e7\u00e3o para participar durante os dois dias tem um investimento de&nbsp;5 reais, mais um 1kg de alimento n\u00e3o perec\u00edvel.A anima\u00e7\u00e3o e o louvor ficam por conta de Alex Soull da Arquidiocese de Vit\u00f3ria da&nbsp;Conquista.<\/p>\n<p style=\"font-weight: 400;\">\nOs Padres que ir\u00e3o participar: Pe. Euvaldo Santana, p\u00e1roco da Igreja matriz de Santo Ant\u00f4nio de Itoror\u00f3&nbsp;<br \/>\ne Pe. Gilvan Oliveira, p\u00e1roco da Catedral de S\u00e3o Jos\u00e9 e Assessor&nbsp;Eclesi\u00e1stico &#8220;RCC&#8221; na Diocese de Itabuna.<br \/>\nPregadores:Alexsandro Nonato, presidente da Renova\u00e7\u00e3o Carism\u00e1tica Cat\u00f3lica &#8220;RCC&#8221;&nbsp;Diocese de&nbsp; Itabuna, Rita de C\u00e1ssia, Larissa Cruz, Joermes, ambos da&nbsp;Comunidade Sharlon Diocese de Eun\u00e1polis (BA).<br \/>\nOutras informa\u00e7\u00f5es, entre em contato pelos telefones (73) 9 9808-0331&nbsp;(Genilson) e 9 9998-6895 (Dilma).<\/p>\n","protected":false},"excerpt":{"rendered":"<p>O Grupo de Ora\u00e7\u00e3o Filhos da Esperan\u00e7a (RCC) e a par\u00f3quia Santo Ant\u00f4nio&nbsp; da cidade de Itoror\u00f3 (BA) convidam a todos para participarem do Enchei-vos 2018. Este evento acontece em Itoror\u00f3 h\u00e1 19 anos. O tema para este ano: &#8220;Eis que estou a porta e bato&#8221; Ap&nbsp;3:20. E est\u00e1 marcado para os dias 17 e&nbsp;<\/p>\n<p><a class=\"btn btn-style\" href=\"http:\/\/portalcatolico.net\/portal\/vem-ai-o-19o-enchei-vos-em-itororo-participe\/\">Continue Reading<\/a><\/p>\n","protected":false},"author":2,"featured_media":61636,"comment_status":"open","ping_status":"open","sticky":false,"template":"","format":"standard","meta":{"footnotes":""},"categories":[1],"tags":[],"class_list":["post-61635","post","type-post","status-publish","format-standard","has-post-thumbnail","hentry","category-agenda"],"_links":{"self":[{"href":"http:\/\/portalcatolico.net\/portal\/wp-json\/wp\/v2\/posts\/61635","targetHints":{"allow":["GET"]}}],"collection":[{"href":"http:\/\/portalcatolico.net\/portal\/wp-json\/wp\/v2\/posts"}],"about":[{"href":"http:\/\/portalcatolico.net\/portal\/wp-json\/wp\/v2\/types\/post"}],"author":[{"embeddable":true,"href":"http:\/\/portalcatolico.net\/portal\/wp-json\/wp\/v2\/users\/2"}],"replies":[{"embeddable":true,"href":"http:\/\/portalcatolico.net\/portal\/wp-json\/wp\/v2\/comments?post=61635"}],"version-history":[{"count":2,"href":"http:\/\/portalcatolico.net\/portal\/wp-json\/wp\/v2\/posts\/61635\/revisions"}],"predecessor-version":[{"id":61638,"href":"http:\/\/portalcatolico.net\/portal\/wp-json\/wp\/v2\/posts\/61635\/revisions\/61638"}],"wp:featuredmedia":[{"embeddable":true,"href":"http:\/\/portalcatolico.net\/portal\/wp-json\/wp\/v2\/media\/61636"}],"wp:attachment":[{"href":"http:\/\/portalcatolico.net\/portal\/wp-json\/wp\/v2\/media?parent=61635"}],"wp:term":[{"taxonomy":"category","embeddable":true,"href":"http:\/\/portalcatolico.net\/portal\/wp-json\/wp\/v2\/categories?post=61635"},{"taxonomy":"post_tag","embeddable":true,"href":"http:\/\/portalcatolico.net\/portal\/wp-json\/wp\/v2\/tags?post=61635"}],"curies":[{"name":"wp","href":"https:\/\/api.w.org\/{rel}","templated":true}]}}