{"id":61629,"date":"2018-11-12T20:26:29","date_gmt":"2018-11-12T23:26:29","guid":{"rendered":"https:\/\/portalcatolico.net\/portal\/?p=61629"},"modified":"2018-11-12T20:26:29","modified_gmt":"2018-11-12T23:26:29","slug":"museu-nacional-de-belas-artes-recebe-exposicao-sobre-sao-francisco-de-assis","status":"publish","type":"post","link":"http:\/\/portalcatolico.net\/portal\/museu-nacional-de-belas-artes-recebe-exposicao-sobre-sao-francisco-de-assis\/","title":{"rendered":"Museu Nacional de Belas Artes recebe exposi\u00e7\u00e3o sobre S\u00e3o Francisco de Assis"},"content":{"rendered":"<p class=\"textopadrao\">Um dos mais importantes santos da hist\u00f3ria da Igreja Cat\u00f3lica, o padroeiro da It\u00e1lia, S\u00e3o Francisco de Assis, \u00e9 tema da exposi\u00e7\u00e3o \u201cS\u00e3o Francisco na Arte de Mestres Italianos\u201d, inaugurada no Museu Nacional de Belas Artes, no centro do Rio, no dia 6 de novembro.<\/p>\n<p class=\"textopadrao\">A mostra, que ficar\u00e1 exposta at\u00e9 o dia 27 de janeiro de 2019, apresenta 20 pinturas dos per\u00edodos renascentista e barroco, compostas por artistas italianos renomados, como Tiziano Vecellio, Perugino, Orazio Gentileschi, Guido Reni, Guercino, Carracci e Cigoli, e uma pe\u00e7a de Nova Iorque, as quais traduzem as fases da vida de S\u00e3o Francisco de Assis.<\/p>\n<p class=\"textopadrao\">As obras fazem parte dos acervos de 15 museus de sete cidades da It\u00e1lia, e t\u00eam curadoria dos italianos Giovanni Morello \u2013 especialista em Hist\u00f3ria da Arte \u2013 e do professor Stefano Papetti, diretor da Pinacoteca Civica di Ascoli.<\/p>\n<p class=\"textopadrao\">A mostra tamb\u00e9m inclui uma sala de realidade virtual que transportar\u00e1 o visitante, com o uso de \u00f3culos de tecnologia 3D, para a Bas\u00edlica Superior de Assis, cidade natal do santo, na regi\u00e3o da \u00dambria, no centro da It\u00e1lia. Ser\u00e1 poss\u00edvel caminhar por uma das mais importantes bas\u00edlicas do pa\u00eds e conhecer obras-primas do pintor italiano Giotto (1267-1337), artista s\u00edmbolo dos per\u00edodos medieval e pr\u00e9-renascentista.<\/p>\n<p class=\"entretitulo\"><strong>Renascimento e Barroco<\/strong><\/p>\n<p class=\"textopadrao\">De acordo com Stefano Papetti, a exposi\u00e7\u00e3o nasceu h\u00e1 quatro anos e, depois de apresentada na It\u00e1lia, veio ao Brasil, primeiramente para Belo Horizonte, onde recebeu 116 mil visitantes e, agora, chega ao Rio. \u201cEssa exposi\u00e7\u00e3o levou muito tempo para ser montada, porque S\u00e3o Francisco \u00e9 um santo muito representado, e foi dif\u00edcil selecionar as pinturas que distribu\u00edmos em tr\u00eas se\u00e7\u00f5es\u201d, disse.<\/p>\n<p class=\"textopadrao\">Ainda segundo o curador, a mostra conta com tr\u00eas se\u00e7\u00f5es distintas. \u201cA primeira se\u00e7\u00e3o apresenta a imagem de S\u00e3o Francisco sozinho, para que os visitantes possam entender quais s\u00e3o as caracter\u00edsticas f\u00edsicas que permitem reconhec\u00ea-lo. A segunda \u00e9 uma se\u00e7\u00e3o muito importante, dedicada ao momento em que S\u00e3o Francisco recebeu os estigmas, pois foi a primeira pessoa viva a receb\u00ea-los; depois, a terceira parte \u00e9 dedicada \u00e0s pinturas em que S\u00e3o Francisco \u00e9 representado com outros santos da ordem franciscana\u201d, explicou.<\/p>\n<p class=\"textopadrao\">Ele tamb\u00e9m ressaltou que, al\u00e9m da mensagem do santo cat\u00f3lico, h\u00e1 tamb\u00e9m a oportunidade de vivenciar uma experi\u00eancia com as artes italianas renascentistas e barrocas. \u201cAqui, os visitantes ter\u00e3o a chance de ver o desenvolvimento da arte italiana, da Renascen\u00e7a ao Barroco, atrav\u00e9s dos pintores mais representativos. Algumas pinturas exibidas foram restauradas por ocasi\u00e3o da exposi\u00e7\u00e3o na It\u00e1lia. \u00c9 uma oportunidade \u00fanica, pois ser\u00e1 muito dif\u00edcil os museus permitirem o empr\u00e9stimo de obras t\u00e3o importantes novamente por um longo per\u00edodo. Muitas delas pertenciam a prestigiados colecionadores, outras v\u00eam de cole\u00e7\u00f5es de cardeais romanos do ano 1600, de grandes fam\u00edlias de estudiosos\u201d, salientou.<\/p>\n<p class=\"entretitulo\" align=\"left\"><strong>S\u00e3o Francisco: um exemplo de f\u00e9 e humanidade<\/strong><\/p>\n<p class=\"textopadrao\">Arcebispo do Rio, o Cardeal Orani Jo\u00e3o Tempesta afirmou que o exemplo de S\u00e3o Francisco ultrapassa os muros da Igreja. \u201cTemos a alegria de inaugurar essa exposi\u00e7\u00e3o porque acredito que os artistas representam, segundo a sua concep\u00e7\u00e3o e proposta, a vida de S\u00e3o Francisco. S\u00e3o pe\u00e7as importantes, algumas famosas, que falam de uma \u00e9poca e de um personagem que marcou, n\u00e3o s\u00f3 a hist\u00f3ria da Igreja, mas do mundo. Para o momento que vivemos, \u00e9 muito importante ver como um homem, que procurou ser simples, pobre e humilde, e buscou fazer o bem aos demais, dialogando com todos, pode influenciar n\u00e3o somente a sua \u00e9poca, mas a atualidade tamb\u00e9m\u201d, frisou.<\/p>\n<p class=\"textopadrao\">Ele tamb\u00e9m destacou que \u201co Papa Francisco o escolheu como onom\u00e1stico, e inspirou-se no \u2018C\u00e2ntico \u00e0s Criaturas\u2019 para dar nome ao documento sobre ecologia e o meio ambiente. \u00c9 um momento de o Rio propor a sociedade e ao mundo a beleza e o belo, por meio da arte, ajudando as pessoas que aqui passam, para admirar a arte italiana de S\u00e3o Francisco, a voltarem \u00e0s suas casas mais pacificadas e ainda mais abertas ao bem e ao belo\u201d, acrescentou.<\/p>\n<p class=\"textopadrao\">Algumas das telas fazem parte dos acervos de casas da Ordem dos Frades Menores Capuchinhos, na It\u00e1lia, como as que est\u00e3o no Museu Francescano dell\u2019Istituto Storico dei Capuccini, em Roma, e no Convento Capuccini, em Ascoli Piceno.<\/p>\n<p class=\"textopadrao\">Dessa forma, para o reitor da Bas\u00edlica Menor e Santu\u00e1rio Arquidiocesano S\u00e3o Sebasti\u00e3o, na Tijuca, frei Arles Dias de Jesus, as obras reiteram a experi\u00eancia m\u00edstica daqueles que vivem o carisma franciscano. \u201cElas fazem parte da hist\u00f3ria da ordem, que h\u00e1 muito busca seguir os passos de seu fundador, observando sua regra e perscrutando o esp\u00edrito do \u2018Povorello de Assis\u2019. A mostra traz a todos a oportunidade de perceber que, atrav\u00e9s de s\u00e9culos, o cuidado e a integra\u00e7\u00e3o com o meio ambiente, que era parte integrante da vida deste santo, permanecem atuais nos tempos de hoje e devem inspirar ou despertar muitos para essa realidade\u201d, concluiu.<\/p>\n<p class=\"textopadrao\">O embaixador da It\u00e1lia no Brasil, Antonio Bernardini, ressaltou a import\u00e2ncia da coopera\u00e7\u00e3o cultural entre os dois pa\u00edses. \u201cEssa \u00e9 uma mensagem muito moderna para os dias atuais, concentrando a aten\u00e7\u00e3o n\u00e3o somente sobre os artistas, mas sobre a mensagem do santo. H\u00e1 uma contribui\u00e7\u00e3o muito grande para a coopera\u00e7\u00e3o cultural entre a It\u00e1lia e o Brasil. Queremos repetir esse sucesso aqui no Rio de Janeiro. Essa \u00e9 uma mensagem muito forte para o renascimento cultural da cidade carioca, e de compromisso da It\u00e1lia para fortalecer a cultura brasileira\u201d, enfatizou.<\/p>\n<p class=\"textopadrao\">O presidente da Casa Fiat de Cultura, Jo\u00e3o Batista Ciaco, recordou que a exposi\u00e7\u00e3o, al\u00e9m de abordar a hist\u00f3ria do santo, tamb\u00e9m mostrar\u00e1 a evolu\u00e7\u00e3o da pintura. \u201c\u00c9 uma oportunidade de conhecer a arte de S\u00e3o Francisco que, apesar de ter vivido no s\u00e9culo XII, ainda \u00e9 muito atual. Trazer a exposi\u00e7\u00e3o para o Rio \u00e9 a chance de podermos falar n\u00e3o somente do exemplo de S\u00e3o Francisco, mas tamb\u00e9m da evolu\u00e7\u00e3o da pintura do s\u00e9culo XV at\u00e9 o s\u00e9culo XVIII, de tudo o que conseguimos do ponto de vista de perspectivas, das cores e uma s\u00e9rie de dimens\u00f5es t\u00e9cnicas\u201d, afirmou.<\/p>\n<p class=\"textopadrao\">De acordo com a diretora do museu, M\u00f4nica Xex\u00e9u, \u201cpela primeira vez essas obras est\u00e3o reunidas, num conjunto de pe\u00e7as emblem\u00e1ticas de artistas renomados, do renascimento ao barroco italiano. Esse \u00e9 um projeto capitaneado, pensado ao longo de dois anos. \u00c9 uma exposi\u00e7\u00e3o feita para todos, desde os estudiosos dos per\u00edodos aos devotos de S\u00e3o Francisco. Nela, os visitantes ter\u00e3o a oportunidade de conhecer obras as quais s\u00f3 podemos v\u00ea-las atrav\u00e9s de reprodu\u00e7\u00f5es de livros\u201d, completou.&nbsp;<\/p>\n<p class=\"textopadrao\">Para Ricardo Bergoin, diretor da Base 7 Projetos Culturais \u2013 empresa respons\u00e1vel pela organiza\u00e7\u00e3o da vinda da exposi\u00e7\u00e3o da It\u00e1lia, \u201cessa \u00e9 uma mostra muito peculiar porque trata de um santo conhecido, mas que por tr\u00e1s aborda tamb\u00e9m a hist\u00f3ria da arte. Esse foi um recorte com o interesse de levar o conhecimento e tamb\u00e9m a quest\u00e3o da beleza da religiosidade. Esse \u00e9 um projeto complexo, com uma log\u00edstica intensa, mas j\u00e1 estamos aqui com esse belo material, aguardando a presen\u00e7a de todos\u201d, convidou.<\/p>\n<p>O Museu Nacional de Belas Artes permanece aberto para visita\u00e7\u00e3o de ter\u00e7a-feira \u00e0 sexta-feira, das 10h \u00e0s 18h, e nos s\u00e1bados, domingos e feriados, das 13h \u00e0s 18h. Os ingressos custam R$ 8 inteira, R$ 4 meia e R$ 8 fam\u00edlia (para at\u00e9 quatro membros de uma mesma fam\u00edlia). Aos domingos a entrada \u00e9 gratuita. O museu fica na Avenida Rio Branco, 199, Centro.<\/p>\n<p>Foto:Divulga\u00e7\u00e3o<\/p>\n<p>Com informa\u00e7\u00f5es da Arquidiocese do Rio de Janeiro<\/p>\n","protected":false},"excerpt":{"rendered":"<p>Um dos mais importantes santos da hist\u00f3ria da Igreja Cat\u00f3lica, o padroeiro da It\u00e1lia, S\u00e3o Francisco de Assis, \u00e9 tema da exposi\u00e7\u00e3o \u201cS\u00e3o Francisco na Arte de Mestres Italianos\u201d, inaugurada no Museu Nacional de Belas Artes, no centro do Rio, no dia 6 de novembro. A mostra, que ficar\u00e1 exposta at\u00e9 o dia 27 de&nbsp;<\/p>\n<p><a class=\"btn btn-style\" href=\"http:\/\/portalcatolico.net\/portal\/museu-nacional-de-belas-artes-recebe-exposicao-sobre-sao-francisco-de-assis\/\">Continue Reading<\/a><\/p>\n","protected":false},"author":2,"featured_media":61630,"comment_status":"open","ping_status":"open","sticky":false,"template":"","format":"standard","meta":{"footnotes":""},"categories":[69],"tags":[],"class_list":["post-61629","post","type-post","status-publish","format-standard","has-post-thumbnail","hentry","category-artigos"],"_links":{"self":[{"href":"http:\/\/portalcatolico.net\/portal\/wp-json\/wp\/v2\/posts\/61629","targetHints":{"allow":["GET"]}}],"collection":[{"href":"http:\/\/portalcatolico.net\/portal\/wp-json\/wp\/v2\/posts"}],"about":[{"href":"http:\/\/portalcatolico.net\/portal\/wp-json\/wp\/v2\/types\/post"}],"author":[{"embeddable":true,"href":"http:\/\/portalcatolico.net\/portal\/wp-json\/wp\/v2\/users\/2"}],"replies":[{"embeddable":true,"href":"http:\/\/portalcatolico.net\/portal\/wp-json\/wp\/v2\/comments?post=61629"}],"version-history":[{"count":1,"href":"http:\/\/portalcatolico.net\/portal\/wp-json\/wp\/v2\/posts\/61629\/revisions"}],"predecessor-version":[{"id":61631,"href":"http:\/\/portalcatolico.net\/portal\/wp-json\/wp\/v2\/posts\/61629\/revisions\/61631"}],"wp:featuredmedia":[{"embeddable":true,"href":"http:\/\/portalcatolico.net\/portal\/wp-json\/wp\/v2\/media\/61630"}],"wp:attachment":[{"href":"http:\/\/portalcatolico.net\/portal\/wp-json\/wp\/v2\/media?parent=61629"}],"wp:term":[{"taxonomy":"category","embeddable":true,"href":"http:\/\/portalcatolico.net\/portal\/wp-json\/wp\/v2\/categories?post=61629"},{"taxonomy":"post_tag","embeddable":true,"href":"http:\/\/portalcatolico.net\/portal\/wp-json\/wp\/v2\/tags?post=61629"}],"curies":[{"name":"wp","href":"https:\/\/api.w.org\/{rel}","templated":true}]}}