{"id":61625,"date":"2018-11-18T21:15:29","date_gmt":"2018-11-19T00:15:29","guid":{"rendered":"https:\/\/portalcatolico.net\/portal\/?p=61625"},"modified":"2018-11-18T21:25:25","modified_gmt":"2018-11-19T00:25:25","slug":"vem-ai-o-i-sopro-da-vida","status":"publish","type":"post","link":"http:\/\/portalcatolico.net\/portal\/vem-ai-o-i-sopro-da-vida\/","title":{"rendered":"Vem a\u00ed o &#8220;I Sopro da Vida&#8221;"},"content":{"rendered":"<div dir=\"auto\">O Grupo de Ora\u00e7\u00e3o (RCC) e a par\u00f3quia Nossa Senhora de F\u00e1tima em Itabuna realiza nos dias 24 e 25 de novembro no Centro Pastoral da Par\u00f3quia, o &#8220;I Sopro da Vida&#8221;. Com o tema: &#8220;Eis que estou \u00e1 porta e bato&#8221;. S\u00e3o dois dias com m\u00fasica, louvor, ora\u00e7\u00e3o por cura e liberta\u00e7\u00e3o, adora\u00e7\u00e3o, missa, prega\u00e7\u00e3o, entre outros momentos de evangeliza\u00e7\u00e3o.&nbsp;<\/div>\n<div dir=\"auto\">&nbsp;<\/div>\n<div dir=\"auto\">Com presen\u00e7as confirmadas dos padres: Pe. Tony Val\u00e9rio (par\u00f3quia Santa Maria Madalena), Pe. Ezequias Gon\u00e7alves (par\u00f3quia Nossa Senhora Aparecida) e p\u00e1roco da igreja matriz de Nossa Senhora de F\u00e1tima, o Pe. Nicolau Klak e o bispo da Diocese de Itabuna, Dom Carlos Alberto dos Santos.&nbsp;<\/div>\n<div dir=\"auto\">O presidente da Renova\u00e7\u00e3o Carism\u00e1tica Cat\u00f3lica da Diocese de Itabuna, Alexsandro Nonato, o Coordenador Diocesano de Forma\u00e7\u00e3o da RCC Diocese de Itabuna, Amistron Lira, Alexnei Freitas (Arquidiocese de Feira de Santana) e a Comunidade de Alian\u00e7a Filhos de Israel Diocese de Itabuna, al\u00e9m dos Minist\u00e9rios de M\u00fasica da RCC.&nbsp;<\/div>\n<div dir=\"auto\">&nbsp;<\/div>\n<div dir=\"auto\">As inscri\u00e7\u00f5es podem ser feitas na secretaria da paroquia (73 3212-2635 ) ou com servos do Grupo Ora\u00e7\u00e3o S\u00e3o Miguel.&nbsp;<\/div>\n<div dir=\"auto\">A organiza\u00e7\u00e3o \u00e9 do Grupo de Ora\u00e7\u00e3o S\u00e3o Miguel Arcanjo, com o apoio da Par\u00f3quia Nossa Senhora de F\u00e1tima, situada na Avenida Juraci Magalh\u00e3es na Diocese e cidade de Itabuna.&nbsp;<\/div>\n","protected":false},"excerpt":{"rendered":"<p>O Grupo de Ora\u00e7\u00e3o (RCC) e a par\u00f3quia Nossa Senhora de F\u00e1tima em Itabuna realiza nos dias 24 e 25 de novembro no Centro Pastoral da Par\u00f3quia, o &#8220;I Sopro da Vida&#8221;. Com o tema: &#8220;Eis que estou \u00e1 porta e bato&#8221;. S\u00e3o dois dias com m\u00fasica, louvor, ora\u00e7\u00e3o por cura e liberta\u00e7\u00e3o, adora\u00e7\u00e3o, missa,&nbsp;<\/p>\n<p><a class=\"btn btn-style\" href=\"http:\/\/portalcatolico.net\/portal\/vem-ai-o-i-sopro-da-vida\/\">Continue Reading<\/a><\/p>\n","protected":false},"author":2,"featured_media":61626,"comment_status":"open","ping_status":"open","sticky":false,"template":"","format":"standard","meta":{"footnotes":""},"categories":[1],"tags":[],"class_list":["post-61625","post","type-post","status-publish","format-standard","has-post-thumbnail","hentry","category-agenda"],"_links":{"self":[{"href":"http:\/\/portalcatolico.net\/portal\/wp-json\/wp\/v2\/posts\/61625","targetHints":{"allow":["GET"]}}],"collection":[{"href":"http:\/\/portalcatolico.net\/portal\/wp-json\/wp\/v2\/posts"}],"about":[{"href":"http:\/\/portalcatolico.net\/portal\/wp-json\/wp\/v2\/types\/post"}],"author":[{"embeddable":true,"href":"http:\/\/portalcatolico.net\/portal\/wp-json\/wp\/v2\/users\/2"}],"replies":[{"embeddable":true,"href":"http:\/\/portalcatolico.net\/portal\/wp-json\/wp\/v2\/comments?post=61625"}],"version-history":[{"count":2,"href":"http:\/\/portalcatolico.net\/portal\/wp-json\/wp\/v2\/posts\/61625\/revisions"}],"predecessor-version":[{"id":61628,"href":"http:\/\/portalcatolico.net\/portal\/wp-json\/wp\/v2\/posts\/61625\/revisions\/61628"}],"wp:featuredmedia":[{"embeddable":true,"href":"http:\/\/portalcatolico.net\/portal\/wp-json\/wp\/v2\/media\/61626"}],"wp:attachment":[{"href":"http:\/\/portalcatolico.net\/portal\/wp-json\/wp\/v2\/media?parent=61625"}],"wp:term":[{"taxonomy":"category","embeddable":true,"href":"http:\/\/portalcatolico.net\/portal\/wp-json\/wp\/v2\/categories?post=61625"},{"taxonomy":"post_tag","embeddable":true,"href":"http:\/\/portalcatolico.net\/portal\/wp-json\/wp\/v2\/tags?post=61625"}],"curies":[{"name":"wp","href":"https:\/\/api.w.org\/{rel}","templated":true}]}}