{"id":61621,"date":"2018-11-12T18:57:45","date_gmt":"2018-11-12T21:57:45","guid":{"rendered":"https:\/\/portalcatolico.net\/portal\/?p=61621"},"modified":"2018-11-12T18:57:45","modified_gmt":"2018-11-12T21:57:45","slug":"paroquia-nossa-senhora-aparecida-de-itabela-vive-a-semana-missionaria","status":"publish","type":"post","link":"http:\/\/portalcatolico.net\/portal\/paroquia-nossa-senhora-aparecida-de-itabela-vive-a-semana-missionaria\/","title":{"rendered":"PAROQUIA NOSSA SENHORA APARECIDA DE ITABELA VIVE A SEMANA MISSION\u00c1RIA"},"content":{"rendered":"<p><img loading=\"lazy\" decoding=\"async\" class=\"size-medium wp-image-61623 alignleft\" src=\"https:\/\/portalcatolico.net\/portal\/wp-content\/uploads\/2018\/11\/46135395_1009932975880315_8821927027155140608_n-300x235.jpg\" alt=\"\" width=\"300\" height=\"235\" srcset=\"http:\/\/portalcatolico.net\/portal\/wp-content\/uploads\/2018\/11\/46135395_1009932975880315_8821927027155140608_n-300x235.jpg 300w, http:\/\/portalcatolico.net\/portal\/wp-content\/uploads\/2018\/11\/46135395_1009932975880315_8821927027155140608_n.jpg 376w\" sizes=\"auto, (max-width: 300px) 100vw, 300px\" \/>De 12 a 18 de novembro de 2018, a Par\u00f3quia Nossa Senhora Aparecida de Itabela realiza a Semana Mission\u00e1ria. Dezesseis Mission\u00e1rios e Dois Padres foram enviados de S\u00e3o Paulo para a Paroquia e permanecer\u00e3o na igreja por uma semana. Eles v\u00e3o chegar \u00e0 cidade baiana nesta segunda-feira as 18: hs, os paroquianos que v\u00e3o participar deste trabalho mission\u00e1rio ir\u00e3o recepcion\u00e1-los &nbsp;na entrada da cidade, em frente ao Posto de Combust\u00edvel Pau Brasil, no centro da cidade.<\/p>\n<p>Os Arautos do Evangelho &#8211; Entidade da Igreja Cat\u00f3lica, formada por homens e mulheres em mais de 50 pa\u00edses, ficar\u00e3o na paroquia onde estar\u00e1 Ministrando as Santas Miss\u00f5es Populares &nbsp;que s\u00e3o uma das prioridades da Igreja Cat\u00f3lica. Os seus objetivos s\u00e3o:<\/p>\n<p>a) Ajudar as pessoas a d\u00e1 um sentido aut\u00eantico \u00e0 pr\u00f3pria vida, no aqui e no agora. Ser sujeito hist\u00f3rico \u00e9 o maior desafio para qualquer pessoa, de qualquer ra\u00e7a, cren\u00e7a, cultura, \u00e9poca e lugar.<\/p>\n<p>&nbsp;b) Vivenciar a espiritualidade do seguimento de Jesus Cristo e do seu Evangelho, como caminho seguro para uma aut\u00eantica exist\u00eancia humana e para construir uma sociedade justa, fraterna e solid\u00e1ria.<\/p>\n<p>c) Convidar e envolver o maior n\u00famero de pessoas no grande mutir\u00e3o em defesa da vida e da cidadania para todos.<\/p>\n<p>d) Fortalecer, reinventar, reproduzir a caminhada das fam\u00edlias de pequenas comunidades, dando a elas a maior qualidade de vida.<\/p>\n<p>e) Aprender a viver a comunh\u00e3o no pluralismo dentro da Igreja, como tamb\u00e9m em rela\u00e7\u00e3o \u00e0 sociedade e \u00e0s outras Igrejas.<\/p>\n<p>f) Valorizar, vivenciar, purificar, \u00e0 luz do Evangelho de Jesus Cristo, as culturas, a religi\u00e3o popular e a hist\u00f3ria vivida, e muitas vezes sofrida, do povo.<\/p>\n<p>g) Despertar nas pessoas o gosto pela miss\u00e3o, pelo conhecimento do outro, do diferente, como algo que enriquece.<\/p>\n<p>Para realizar esses objetivos s\u00e3o desenvolvidas diversas a\u00e7\u00f5es, entre elas, encontros de forma\u00e7\u00e3o da equipe mission\u00e1ria, celebra\u00e7\u00f5es, caminhadas, visitas \u00e0s fam\u00edlias e ora\u00e7\u00e3o.<\/p>\n<p>Nesta Segunda feira (12\/11) &nbsp;ser\u00e1 o acolhimento da imagem de nossa senhora de F\u00e1tima no in\u00edcio da cidade em frente ao Posto Pau Brasil com uma carreata que se dirigir\u00e1 at\u00e9 a Igreja Matriz Nossa Senhora Aparecida, onde ser\u00e1 celebrada a missa de acolhida.<\/p>\n<p>Durante estes dias que a Paroquia Celebra a&nbsp; Semana Missionaria haver\u00e1 &nbsp;Missas todos os dias, B\u00ean\u00e7\u00e3o do Sant\u00edssimo, Confiss\u00f5es, visitas aos lares e com\u00e9rcio, C\u00e2mara dos Vereadores, Prefeitura, Hospital e outros \u00f3rg\u00e3os.<\/p>\n<p>Na ter\u00e7a-feira dia 13 as 07h30 &nbsp;santa missa e exposi\u00e7\u00e3o do sant\u00edssimo<\/p>\n<p>As 09h in\u00edcio das visitas<\/p>\n<p>As 15h retorno das visitas<\/p>\n<p>As 18h30 b\u00ean\u00e7\u00e3o do sant\u00edssimo<\/p>\n<p>As 19h missa.<\/p>\n<p>Fotos: Divulga\u00e7\u00e3o<\/p>\n<p>Com informa\u00e7\u00f5es:Giro de Noticias<\/p>\n","protected":false},"excerpt":{"rendered":"<p>De 12 a 18 de novembro de 2018, a Par\u00f3quia Nossa Senhora Aparecida de Itabela realiza a Semana Mission\u00e1ria. Dezesseis Mission\u00e1rios e Dois Padres foram enviados de S\u00e3o Paulo para a Paroquia e permanecer\u00e3o na igreja por uma semana. Eles v\u00e3o chegar \u00e0 cidade baiana nesta segunda-feira as 18: hs, os paroquianos que v\u00e3o participar&nbsp;<\/p>\n<p><a class=\"btn btn-style\" href=\"http:\/\/portalcatolico.net\/portal\/paroquia-nossa-senhora-aparecida-de-itabela-vive-a-semana-missionaria\/\">Continue Reading<\/a><\/p>\n","protected":false},"author":2,"featured_media":61622,"comment_status":"open","ping_status":"open","sticky":false,"template":"","format":"standard","meta":{"footnotes":""},"categories":[3],"tags":[],"class_list":["post-61621","post","type-post","status-publish","format-standard","has-post-thumbnail","hentry","category-noticias_regionais"],"_links":{"self":[{"href":"http:\/\/portalcatolico.net\/portal\/wp-json\/wp\/v2\/posts\/61621","targetHints":{"allow":["GET"]}}],"collection":[{"href":"http:\/\/portalcatolico.net\/portal\/wp-json\/wp\/v2\/posts"}],"about":[{"href":"http:\/\/portalcatolico.net\/portal\/wp-json\/wp\/v2\/types\/post"}],"author":[{"embeddable":true,"href":"http:\/\/portalcatolico.net\/portal\/wp-json\/wp\/v2\/users\/2"}],"replies":[{"embeddable":true,"href":"http:\/\/portalcatolico.net\/portal\/wp-json\/wp\/v2\/comments?post=61621"}],"version-history":[{"count":1,"href":"http:\/\/portalcatolico.net\/portal\/wp-json\/wp\/v2\/posts\/61621\/revisions"}],"predecessor-version":[{"id":61624,"href":"http:\/\/portalcatolico.net\/portal\/wp-json\/wp\/v2\/posts\/61621\/revisions\/61624"}],"wp:featuredmedia":[{"embeddable":true,"href":"http:\/\/portalcatolico.net\/portal\/wp-json\/wp\/v2\/media\/61622"}],"wp:attachment":[{"href":"http:\/\/portalcatolico.net\/portal\/wp-json\/wp\/v2\/media?parent=61621"}],"wp:term":[{"taxonomy":"category","embeddable":true,"href":"http:\/\/portalcatolico.net\/portal\/wp-json\/wp\/v2\/categories?post=61621"},{"taxonomy":"post_tag","embeddable":true,"href":"http:\/\/portalcatolico.net\/portal\/wp-json\/wp\/v2\/tags?post=61621"}],"curies":[{"name":"wp","href":"https:\/\/api.w.org\/{rel}","templated":true}]}}