{"id":61614,"date":"2018-11-12T06:11:47","date_gmt":"2018-11-12T09:11:47","guid":{"rendered":"https:\/\/portalcatolico.net\/portal\/?p=61614"},"modified":"2018-11-12T06:26:54","modified_gmt":"2018-11-12T09:26:54","slug":"centenas-de-fieis-celebram-e-encerram-as-comemoracoes-dos-40-anos-da-diocese-de-itabuna","status":"publish","type":"post","link":"http:\/\/portalcatolico.net\/portal\/centenas-de-fieis-celebram-e-encerram-as-comemoracoes-dos-40-anos-da-diocese-de-itabuna\/","title":{"rendered":"Centenas de fieis celebram e encerram as comemora\u00e7\u00f5es dos 40 anos da Diocese de Itabuna"},"content":{"rendered":"<p style=\"font-weight: 400;\"><img loading=\"lazy\" decoding=\"async\" class=\"wp-image-61618 aligncenter\" src=\"https:\/\/portalcatolico.net\/portal\/wp-content\/uploads\/2018\/11\/45901945_976236675920675_8748791074203369472_n-300x200.jpg\" alt=\"\" width=\"737\" height=\"491\" srcset=\"http:\/\/portalcatolico.net\/portal\/wp-content\/uploads\/2018\/11\/45901945_976236675920675_8748791074203369472_n-300x200.jpg 300w, http:\/\/portalcatolico.net\/portal\/wp-content\/uploads\/2018\/11\/45901945_976236675920675_8748791074203369472_n-768x512.jpg 768w, http:\/\/portalcatolico.net\/portal\/wp-content\/uploads\/2018\/11\/45901945_976236675920675_8748791074203369472_n.jpg 960w\" sizes=\"auto, (max-width: 737px) 100vw, 737px\" \/>Uma multid\u00e3o de fieis cat\u00f3licos&nbsp; tomou conta da Avenida Aziz Maron, no centro de Itabuna neste domingo, 11 de&nbsp;novembro&nbsp; de 2018.&nbsp;&nbsp;Ap\u00f3s uma caminhada de f\u00e9 que partiu do Jardim do \u00d3, os fieis se reuniram na Pra\u00e7a Rio Cachoeira para celebrar os 40 anos da Diocese de Itabuna, numa missa ao ar livre.<\/p>\n<p style=\"font-weight: 400;\">A solene Celebra\u00e7\u00e3o Eucar\u00edstica teve a presid\u00eancia do bispo&nbsp;Dom Carlos Alberto dos Santos e concelebra\u00e7\u00e3o dos padres das 33&nbsp;par\u00f3quias, di\u00e1conos e seminarista s que comp\u00f5em a Diocese aniversariante.<\/p>\n<p style=\"font-weight: 400;\">Na oportunidade, Dom Carlos disse: &#8220;Parab\u00e9ns tamb\u00e9m para voc\u00eas, que mostraram que s\u00e3o pessoas de f\u00e9, que amam a Diocese e querem bem a Igreja!&#8221;.<\/p>\n<p style=\"font-weight: 400;\">Ao final da celebra\u00e7\u00e3o, os fieis cantaram o tradicional parab\u00e9ns.<\/p>\n<p style=\"font-weight: 400;\">Vale ressaltar que neste domingo foram encerradas as comemora\u00e7\u00f5es do Jubileu da Diocese, que v\u00eam acontecendo desde o dia 3 de novembro, quando aconteceu a abertura da Festa na Par\u00f3quia mais antiga, a S\u00e3o Boaventura de Canavieiras, que fez 300 anos.<\/p>\n<p style=\"font-weight: 400;\">Localizada na regi\u00e3o&nbsp; do Nordeste, do sul da Bahia, a Diocese de&nbsp;Itabuna, que tem S\u00e3o Jos\u00e9 como padroeiro,&nbsp;&nbsp;\u00e9&nbsp;dividida em tr\u00eas Faronias, compreende a 19 munic\u00edpios&nbsp; e \u00e9 contemplada&nbsp;com 33&nbsp; par\u00f3quias e mais de cem comunidades (capelas).<\/p>\n<p style=\"font-weight: 400;\">\nEla foi&nbsp;criada pelo santo Padre, o Papa S\u00e3o Jo\u00e3o Paulo II, no dia 07 de novembro&nbsp;de 1978, pela Bula Benignissimo Dei Concilio. Foi desmembrada&nbsp;integralmente da Diocese de Ilh\u00e9us.<br \/>\nCom a cria\u00e7\u00e3o da Diocese de Itabuna, a Matriz&nbsp; de S\u00e3o Jos\u00e9&nbsp; na cidade de&nbsp;Itabuna passou a ser a Catedral Diocesana ,a Igreja M\u00e3e de todas as&nbsp;Igrejas paroquiais da Diocese.<br \/>\nDe acordo com o C\u00e2non 369 do c\u00f3digo do direito can\u00f4nico: &#8220;A Diocese \u00e9&nbsp;uma por\u00e7\u00e3o do povo de Deus, confiada ao pastoreio do Bispo com a&nbsp;coopera\u00e7\u00e3o dos presbit\u00e9rios, de tal modo que, unindo-se a ela ao seu&nbsp;pastor e, pelo Evangelho e pela Eucaristia, reunida por Ele no Esp\u00edrito&nbsp;Santo&nbsp; Constitua uma Igreja particular na qual est\u00e1 verdadeiramente&nbsp;presente e operante a Igreja de Cristo. A Diocese de Itabuna est\u00e1&nbsp; compreendida em sua geografia pastoral desta forma: a cidade de Itabuna&nbsp;com 1 Forania Centro,composta por 14 Par\u00f3quias,outras 2 Foranias \u2013 Sul&nbsp;(seguindo a BR 101 \u00e9 composta por 11 Par\u00f3quias) e a Norte (seguindo a BR&nbsp;415 \u00e9 composta por 08 Par\u00f3quias), totalizando 33 par\u00f3quias em 19 cidades&nbsp;no munic\u00edpio sul baiano.<\/p>\n<p style=\"font-weight: 400;\">A Diocese de Itabuna comp\u00f5e ao Regional&nbsp;Nordeste III da CNBB (Confer\u00eancia Nacional dos Bispo do Brasil).<\/p>\n<p><strong>Dom Homero Leite Meira<\/strong>&nbsp;foi o primeiro Bispo Diocesano, permanecendo \u00e0 frente da Diocese de 1978&nbsp;\u00e0 1980. Ele&nbsp;faleceu no dia 08\/05\/2014.<\/p>\n<p><strong>Dom Eliseu&nbsp; Maria&nbsp; Gomes de&nbsp; Oliveira<\/strong>&nbsp;foi o segundo Bispo Diocesano e esteve \u00e0 frente da Diocese de 1980 a&nbsp;1983. Ele faleceu no dia 11 de fevereiro de 2002.<\/p>\n<p><strong>Dom Paulo Lopes de Farias<\/strong>&nbsp;foi o terceiro Bispo Diocesano. Ele dirigiu a Diocese de 1983 a 1995. O Arcebispo&nbsp;em\u00e9rito de Diamantina\/MG, faleceu no dia 16 de julho de 2009.<\/p>\n<p><strong>Dom Ceslau Stanula<\/strong> foi o quarto Bispo Diocesano. Ele dirigiu a Diocese de 26\/10\/1997 a 06\/04\/2017.Atualmente \u00e9 o Bispo Em\u00e9rito da Diocese de Itabuna.<\/p>\n<p><strong>Dom Carlos Alberto dos Santos<\/strong>&nbsp;\u00e9 o atual Bispo Diocesano. Ele&nbsp;tomou posse como 5\u00ba Bispo da Diocese de Itabuna no dia sete de abril de 2017 \u00e0s 17h, na Catedral de&nbsp;<br \/>\nS\u00e3o Jos\u00e9.<\/p>\n<p>\u00c1lbuns de fotos:<a href=\"https:\/\/portalcatolico.net\/portal\/caminhada-e-missa-dos-40-anos-da-diocese-de-itabuna\/?fbclid=IwAR2bGvUqcDgv9BeRDDm7mwJxalHCeeviclNBeTBAY6AwJCoKdfaW7cWkdDM\"><strong>CLIQUE AQUI<\/strong><\/a><\/p>\n<p><iframe loading=\"lazy\"  id=\"_ytid_94878\"  width=\"480\" height=\"270\"  data-origwidth=\"480\" data-origheight=\"270\" src=\"https:\/\/www.youtube.com\/embed\/ntZRfKUPa7s?enablejsapi=1&#038;autoplay=0&#038;cc_load_policy=0&#038;cc_lang_pref=&#038;iv_load_policy=1&#038;loop=0&#038;rel=1&#038;fs=1&#038;playsinline=0&#038;autohide=2&#038;theme=dark&#038;color=red&#038;controls=1&#038;disablekb=0&#038;\" class=\"__youtube_prefs__  epyt-is-override  no-lazyload\" title=\"YouTube player\"  allow=\"fullscreen; accelerometer; autoplay; clipboard-write; encrypted-media; gyroscope; picture-in-picture; web-share\" referrerpolicy=\"strict-origin-when-cross-origin\" allowfullscreen data-no-lazy=\"1\" data-skipgform_ajax_framebjll=\"\"><\/iframe><\/p>\n","protected":false},"excerpt":{"rendered":"<p>Uma multid\u00e3o de fieis cat\u00f3licos&nbsp; tomou conta da Avenida Aziz Maron, no centro de Itabuna neste domingo, 11 de&nbsp;novembro&nbsp; de 2018.&nbsp;&nbsp;Ap\u00f3s uma caminhada de f\u00e9 que partiu do Jardim do \u00d3, os fieis se reuniram na Pra\u00e7a Rio Cachoeira para celebrar os 40 anos da Diocese de Itabuna, numa missa ao ar livre. A solene&nbsp;<\/p>\n<p><a class=\"btn btn-style\" href=\"http:\/\/portalcatolico.net\/portal\/centenas-de-fieis-celebram-e-encerram-as-comemoracoes-dos-40-anos-da-diocese-de-itabuna\/\">Continue Reading<\/a><\/p>\n","protected":false},"author":2,"featured_media":61605,"comment_status":"open","ping_status":"open","sticky":false,"template":"","format":"standard","meta":{"footnotes":""},"categories":[68],"tags":[],"class_list":["post-61614","post","type-post","status-publish","format-standard","has-post-thumbnail","hentry","category-homilias"],"_links":{"self":[{"href":"http:\/\/portalcatolico.net\/portal\/wp-json\/wp\/v2\/posts\/61614","targetHints":{"allow":["GET"]}}],"collection":[{"href":"http:\/\/portalcatolico.net\/portal\/wp-json\/wp\/v2\/posts"}],"about":[{"href":"http:\/\/portalcatolico.net\/portal\/wp-json\/wp\/v2\/types\/post"}],"author":[{"embeddable":true,"href":"http:\/\/portalcatolico.net\/portal\/wp-json\/wp\/v2\/users\/2"}],"replies":[{"embeddable":true,"href":"http:\/\/portalcatolico.net\/portal\/wp-json\/wp\/v2\/comments?post=61614"}],"version-history":[{"count":5,"href":"http:\/\/portalcatolico.net\/portal\/wp-json\/wp\/v2\/posts\/61614\/revisions"}],"predecessor-version":[{"id":61620,"href":"http:\/\/portalcatolico.net\/portal\/wp-json\/wp\/v2\/posts\/61614\/revisions\/61620"}],"wp:featuredmedia":[{"embeddable":true,"href":"http:\/\/portalcatolico.net\/portal\/wp-json\/wp\/v2\/media\/61605"}],"wp:attachment":[{"href":"http:\/\/portalcatolico.net\/portal\/wp-json\/wp\/v2\/media?parent=61614"}],"wp:term":[{"taxonomy":"category","embeddable":true,"href":"http:\/\/portalcatolico.net\/portal\/wp-json\/wp\/v2\/categories?post=61614"},{"taxonomy":"post_tag","embeddable":true,"href":"http:\/\/portalcatolico.net\/portal\/wp-json\/wp\/v2\/tags?post=61614"}],"curies":[{"name":"wp","href":"https:\/\/api.w.org\/{rel}","templated":true}]}}