{"id":61611,"date":"2018-11-21T02:12:12","date_gmt":"2018-11-21T05:12:12","guid":{"rendered":"https:\/\/portalcatolico.net\/portal\/?p=61611"},"modified":"2018-11-21T06:13:48","modified_gmt":"2018-11-21T09:13:48","slug":"paroquia-em-itabuna-promove-caruru-beneficente","status":"publish","type":"post","link":"http:\/\/portalcatolico.net\/portal\/paroquia-em-itabuna-promove-caruru-beneficente\/","title":{"rendered":"Par\u00f3quia em Itabuna promove caruru beneficente"},"content":{"rendered":"<div dir=\"auto\">No domingo, 25 de novembro, a partir das 11h, a Par\u00f3quia Santa Rita de C\u00e1ssia promove um caruru beneficente que ser\u00e1 servido nas depend\u00eancias da igreja matriz, situada na Rua Juarez T\u00e1vora , bairro S\u00e3o Caetano em Itabuna, Bahia.&nbsp;<\/div>\n<div dir=\"auto\">&nbsp;<\/div>\n<div dir=\"auto\">A iniciativa tem como objetivo arrecadar fundos em prol da reforma do centro catequ\u00e9tico da par\u00f3quia.&nbsp;<\/div>\n<div dir=\"auto\">O bilhete pode ser adquirido na secretaria da par\u00f3quia, nos hor\u00e1rios das missas (de ter\u00e7a a domingo), no plant\u00e3o do d\u00edzimo ou com membros de pastorais, assim voc\u00ea pode contribuir comprando a marmita do caruru por 10 reais.&nbsp;<\/div>\n<div dir=\"auto\">&nbsp;<\/div>\n<div dir=\"auto\">Foto:Divulga\u00e7\u00e3o<\/div>\n","protected":false},"excerpt":{"rendered":"<p>No domingo, 25 de novembro, a partir das 11h, a Par\u00f3quia Santa Rita de C\u00e1ssia promove um caruru beneficente que ser\u00e1 servido nas depend\u00eancias da igreja matriz, situada na Rua Juarez T\u00e1vora , bairro S\u00e3o Caetano em Itabuna, Bahia.&nbsp; &nbsp; A iniciativa tem como objetivo arrecadar fundos em prol da reforma do centro catequ\u00e9tico da&nbsp;<\/p>\n<p><a class=\"btn btn-style\" href=\"http:\/\/portalcatolico.net\/portal\/paroquia-em-itabuna-promove-caruru-beneficente\/\">Continue Reading<\/a><\/p>\n","protected":false},"author":2,"featured_media":61612,"comment_status":"open","ping_status":"open","sticky":false,"template":"","format":"standard","meta":{"footnotes":""},"categories":[1],"tags":[],"class_list":["post-61611","post","type-post","status-publish","format-standard","has-post-thumbnail","hentry","category-agenda"],"_links":{"self":[{"href":"http:\/\/portalcatolico.net\/portal\/wp-json\/wp\/v2\/posts\/61611","targetHints":{"allow":["GET"]}}],"collection":[{"href":"http:\/\/portalcatolico.net\/portal\/wp-json\/wp\/v2\/posts"}],"about":[{"href":"http:\/\/portalcatolico.net\/portal\/wp-json\/wp\/v2\/types\/post"}],"author":[{"embeddable":true,"href":"http:\/\/portalcatolico.net\/portal\/wp-json\/wp\/v2\/users\/2"}],"replies":[{"embeddable":true,"href":"http:\/\/portalcatolico.net\/portal\/wp-json\/wp\/v2\/comments?post=61611"}],"version-history":[{"count":2,"href":"http:\/\/portalcatolico.net\/portal\/wp-json\/wp\/v2\/posts\/61611\/revisions"}],"predecessor-version":[{"id":62086,"href":"http:\/\/portalcatolico.net\/portal\/wp-json\/wp\/v2\/posts\/61611\/revisions\/62086"}],"wp:featuredmedia":[{"embeddable":true,"href":"http:\/\/portalcatolico.net\/portal\/wp-json\/wp\/v2\/media\/61612"}],"wp:attachment":[{"href":"http:\/\/portalcatolico.net\/portal\/wp-json\/wp\/v2\/media?parent=61611"}],"wp:term":[{"taxonomy":"category","embeddable":true,"href":"http:\/\/portalcatolico.net\/portal\/wp-json\/wp\/v2\/categories?post=61611"},{"taxonomy":"post_tag","embeddable":true,"href":"http:\/\/portalcatolico.net\/portal\/wp-json\/wp\/v2\/tags?post=61611"}],"curies":[{"name":"wp","href":"https:\/\/api.w.org\/{rel}","templated":true}]}}