{"id":61607,"date":"2018-11-11T20:55:56","date_gmt":"2018-11-11T23:55:56","guid":{"rendered":"https:\/\/portalcatolico.net\/portal\/?p=61607"},"modified":"2018-11-11T20:57:50","modified_gmt":"2018-11-11T23:57:50","slug":"presidente-de-comissao-da-cnbb-avalia-ano-nacional-do-laicato","status":"publish","type":"post","link":"http:\/\/portalcatolico.net\/portal\/presidente-de-comissao-da-cnbb-avalia-ano-nacional-do-laicato\/","title":{"rendered":"Presidente de comiss\u00e3o da CNBB avalia Ano Nacional do Laicato"},"content":{"rendered":"<p><em><img loading=\"lazy\" decoding=\"async\" class=\"size-medium wp-image-61609 alignleft\" src=\"https:\/\/portalcatolico.net\/portal\/wp-content\/uploads\/2018\/11\/view-1-1-300x295.jpg\" alt=\"\" width=\"300\" height=\"295\" srcset=\"http:\/\/portalcatolico.net\/portal\/wp-content\/uploads\/2018\/11\/view-1-1-300x295.jpg 300w, http:\/\/portalcatolico.net\/portal\/wp-content\/uploads\/2018\/11\/view-1-1.jpg 500w\" sizes=\"auto, (max-width: 300px) 100vw, 300px\" \/>O bispo de Ca\u00e7ador (SC) e presidente da Comiss\u00e3o Episcopal Pastoral para o Laicato, dom Severino Clasen, em entrevista ao&nbsp; portal da CNBB, fez um balan\u00e7o da viv\u00eancia e dos legados do Ano Nacional do Laicato na Igreja do Brasil, cujo in\u00edcio se deu dia 26 de novembro de 2017, na Festa de Cristo Rei. Ao contr\u00e1rio do Ano Mariano, em 2017, n\u00e3o haver\u00e1 uma data de encerramento, mas um momento de culmin\u00e2ncia que ser\u00e1 marcado pela 9\u00aa Assembleia Nacional dos Organismos do Povo de Deus de 22 a 25 de novembro, em Aparecida (SP), especialmente pela Romaria Nacional do Laicato ao Santu\u00e1rio Nacional. Segundo dom Severino, as conquistas do Ano Nacional do Laicato t\u00eam reflexos no Brasil, no Celam, na Am\u00e9rica Latina, e no Dicast\u00e9rio para o Laicato, Fam\u00edlia e Vida, em Roma. \u201cO Ano fez com que as dioceses no Brasil assumissem gestos concretos de evangeliza\u00e7\u00e3o tendo os leigos como protagonistas\u201d, disse. O lema que inspirou a realiza\u00e7\u00e3o de in\u00fameras experi\u00eancias espalhadas pelo Brasil foi: \u201cSal da Terra e Luz do Mundo\u201d,&nbsp; Mt 5, 13-14. Leia, abaixo, a \u00edntegra da entrevista.&nbsp;<\/em><\/p>\n<p><strong>Qual o balan\u00e7o da realiza\u00e7\u00e3o do Ano Nacional do Laicato?<\/strong><\/p>\n<p>As conquistas do Ano Nacional do Laicato t\u00eam reflexos no Brasil, na Am\u00e9rica Latina, no Celam e em Roma, no Dicast\u00e9rio para o Laicato, Fam\u00edlia e Vida. Os resultados s\u00e3o muito positivos. \u00c9 maravilhoso ouvir e constatar os \u00eaxitos da semana mission\u00e1ria que vem trazendo frutos de convers\u00e3o, um rosto de Igreja alegre. O esp\u00edrito mission\u00e1rio tem levado a mensagem de Jesus Cristo para muitos \u00e2mbitos da sociedade.<\/p>\n<p>O clamor dos crist\u00e3os leigos e leigas, \u201csal da terra e luz do mundo\u201d atingiu outras esferas da sociedade, abrindo as portas e deixando que a luz do Evangelho trouxesse novos ares nos cora\u00e7\u00f5es humanos. Apresentou uma Igreja com rosto de portas abertas como pede o papa Francisco, fez com que as dioceses no Brasil assumissem gestos concretos de evangeliza\u00e7\u00e3o tendo os leigos como protagonistas, como: semana mission\u00e1ria, palestras sobre tem\u00e1ticas pertinentes a Evangeliza\u00e7\u00e3o propostas pela Comiss\u00e3o Nacional sobre o Ano do Laicato, forma\u00e7\u00e3o permanente para o clero em in\u00fameras Dioceses refletindo sobre a teologia do laicato, Congressos diocesanos e regionais, caminhadas e peregrina\u00e7\u00f5es levando o estandarte da Sagrada Fam\u00edlia, pedindo luzes e coragem para que a presen\u00e7a, o testemunho e a\u00e7\u00e3o dos crist\u00e3os leigos e leigas transformassem as rela\u00e7\u00f5es machucadas da sociedade em fraternidade universal.<\/p>\n<p><strong>Quais legados a celebra\u00e7\u00e3o deste ano deixa para a Igreja no Brasil?<\/strong><\/p>\n<p><img loading=\"lazy\" decoding=\"async\" class=\"size-medium wp-image-203462 alignright\" src=\"http:\/\/www.cnbb.org.br\/wp-content\/uploads\/sites\/32\/2018\/11\/Laicato-300x208.jpg\" srcset=\"http:\/\/www.cnbb.org.br\/wp-content\/uploads\/sites\/32\/2018\/11\/Laicato-300x208.jpg 300w, http:\/\/www.cnbb.org.br\/wp-content\/uploads\/sites\/32\/2018\/11\/Laicato.jpg 650w\" alt=\"\" width=\"300\" height=\"208\">Os frutos do Ano Nacional do Laicato colheremos nos anos seguintes ao percebermos que a presen\u00e7a dos crist\u00e3os leigos e leigas no tecido da sociedade est\u00e3o agindo de forma coerente, s\u00f3lida nos mecanismos que mobiliza a sociedade na \u00e1rea da sa\u00fade, da pol\u00edtica, da educa\u00e7\u00e3o, do trabalho, da comunica\u00e7\u00e3o, da fam\u00edlia sendo sal da terra e luz do mundo.<\/p>\n<p>Na \u00e1rea eclesial oferecendo forma\u00e7\u00e3o continuada, presen\u00e7a nos servi\u00e7os e nos minist\u00e9rios eclesiais, sendo fermento na massa para que a Igreja seja sinal do Reino de Deus j\u00e1 acontecendo entre n\u00f3s. Esperamos uma atua\u00e7\u00e3o e presen\u00e7a mais coerente e prof\u00e9tica dos crist\u00e3os leigos e leigas para que a Igreja seja, na figura da m\u00e3e, que acolhe e vai ao encontro dos batizados que abandonaram a Igreja.&nbsp;Portanto, o Ano Nacional do Laicato abriu portas e janelas para arejar o conceito, o modo de ser Igreja e testemunha do Evangelho em toda a sociedade em muitas Dioceses.<\/p>\n<p><strong>Como ser\u00e1 o encerramento deste ano?<\/strong><\/p>\n<p>N\u00e3o est\u00e1 na nossa agenda um encerramento do Ano do Laicato. Temos sim, a culmin\u00e2ncia do Ano Nacional do Laicato nos dias 22 a 25 de novembro em Aparecida, na casa da M\u00e3e.&nbsp;Nos dias 22 a 24\/11, teremos a 9\u00aa Assembleia dos Organismos do Povo de Deus.&nbsp;&nbsp;No dia 25\/11, a grande Romaria do Ano do Laicato para Aparecida na casa da M\u00e3e. Nessa romaria teremos a celebra\u00e7\u00e3o lit\u00fargica na Bas\u00edlica \u00e0s 7h30, seguida com apresenta\u00e7\u00f5es art\u00edsticas na pra\u00e7a. Todos os crist\u00e3os leigos e leigas que puderem participar dessa romaria sejam bem-vindos e vindas.<\/p>\n","protected":false},"excerpt":{"rendered":"<p>O bispo de Ca\u00e7ador (SC) e presidente da Comiss\u00e3o Episcopal Pastoral para o Laicato, dom Severino Clasen, em entrevista ao&nbsp; portal da CNBB, fez um balan\u00e7o da viv\u00eancia e dos legados do Ano Nacional do Laicato na Igreja do Brasil, cujo in\u00edcio se deu dia 26 de novembro de 2017, na Festa de Cristo Rei.&nbsp;<\/p>\n<p><a class=\"btn btn-style\" href=\"http:\/\/portalcatolico.net\/portal\/presidente-de-comissao-da-cnbb-avalia-ano-nacional-do-laicato\/\">Continue Reading<\/a><\/p>\n","protected":false},"author":2,"featured_media":61608,"comment_status":"open","ping_status":"open","sticky":false,"template":"","format":"standard","meta":{"footnotes":""},"categories":[65],"tags":[],"class_list":["post-61607","post","type-post","status-publish","format-standard","has-post-thumbnail","hentry","category-entrevistas"],"_links":{"self":[{"href":"http:\/\/portalcatolico.net\/portal\/wp-json\/wp\/v2\/posts\/61607","targetHints":{"allow":["GET"]}}],"collection":[{"href":"http:\/\/portalcatolico.net\/portal\/wp-json\/wp\/v2\/posts"}],"about":[{"href":"http:\/\/portalcatolico.net\/portal\/wp-json\/wp\/v2\/types\/post"}],"author":[{"embeddable":true,"href":"http:\/\/portalcatolico.net\/portal\/wp-json\/wp\/v2\/users\/2"}],"replies":[{"embeddable":true,"href":"http:\/\/portalcatolico.net\/portal\/wp-json\/wp\/v2\/comments?post=61607"}],"version-history":[{"count":1,"href":"http:\/\/portalcatolico.net\/portal\/wp-json\/wp\/v2\/posts\/61607\/revisions"}],"predecessor-version":[{"id":61610,"href":"http:\/\/portalcatolico.net\/portal\/wp-json\/wp\/v2\/posts\/61607\/revisions\/61610"}],"wp:featuredmedia":[{"embeddable":true,"href":"http:\/\/portalcatolico.net\/portal\/wp-json\/wp\/v2\/media\/61608"}],"wp:attachment":[{"href":"http:\/\/portalcatolico.net\/portal\/wp-json\/wp\/v2\/media?parent=61607"}],"wp:term":[{"taxonomy":"category","embeddable":true,"href":"http:\/\/portalcatolico.net\/portal\/wp-json\/wp\/v2\/categories?post=61607"},{"taxonomy":"post_tag","embeddable":true,"href":"http:\/\/portalcatolico.net\/portal\/wp-json\/wp\/v2\/tags?post=61607"}],"curies":[{"name":"wp","href":"https:\/\/api.w.org\/{rel}","templated":true}]}}