{"id":61522,"date":"2018-11-11T09:27:19","date_gmt":"2018-11-11T12:27:19","guid":{"rendered":"https:\/\/portalcatolico.net\/portal\/?p=61522"},"modified":"2018-11-11T09:27:19","modified_gmt":"2018-11-11T12:27:19","slug":"beatificados-em-barcelona-martires-da-perseguicao-religiosa-na-espanha","status":"publish","type":"post","link":"http:\/\/portalcatolico.net\/portal\/beatificados-em-barcelona-martires-da-perseguicao-religiosa-na-espanha\/","title":{"rendered":"Beatificados em Barcelona m\u00e1rtires da persegui\u00e7\u00e3o religiosa na Espanha"},"content":{"rendered":"<div class=\"article__subTitle\">Trata-se de 9 sacerdotes, 4 religiosas e 3 leigos que serviram na diocese de Barcelona. O prefeito da Congrega\u00e7\u00e3o para as Causas dos Santos, cardeal Angelo Becciu, recordou na cerim\u00f4nia realizada na Catedral da Sagrada Fam\u00edlia &#8211; recordou que suas vidas s\u00e3o &#8220;um modelo a ser imitado pela crentes de todos os tempos.&#8221;<\/div>\n<div class=\"title__separator\">\n<p>O Cardeal Giovanni Angelo Becciu, Prefeito da Congrega\u00e7\u00e3o das Causas dos Santos, presidiu na manh\u00e3 deste s\u00e1bado (10\/11), na Bas\u00edlica da Sagrada Fam\u00edlia, em Barcelona, \u00e0 Santa Missa de Beatifica\u00e7\u00e3o do Padre Teodoro Illera del Olmo e 15 Companheiros.<\/p>\n<p>Os 16 m\u00e1rtires, catal\u00e3es, membros da Congrega\u00e7\u00e3o de S\u00e3o Pedro \u201cin Vincoli\u201d, foram assassinados por \u00f3dio \u00e0 f\u00e9 durante a persegui\u00e7\u00e3o religiosa na Espanha, entre 1936 e 1937, um dos per\u00edodos mais cru\u00e9is da hist\u00f3ria das persegui\u00e7\u00f5es anticrist\u00e3s na Europa moderna.<\/p>\n<p>As viol\u00eancias se intensificaram entre julho 1936 e abril de 1939, tr\u00eas anos durante os quais foram incendiadas 70% das igrejas do pa\u00eds, assassinados tr\u00eas bispos, 4.200 sacerdotes e seminaristas, mais de 2.000 religiosos e quase trezentas freiras, assim como milhares de leigos acusados \u200b\u200bde serem &#8220;complacentes&#8221; com a Igreja Cat\u00f3lica.<\/p>\n<p>&#8220;Estes novos Beatos, enquanto m\u00e1rtires &#8211; explicou em sua homilia, o cardeal Angelo Becciu &#8211; anunciaram o Evangelho, dando a vida por amor: com a for\u00e7a de seu sofrimento s\u00e3o o sinal daquele amor maior que abrange todos os outros valores&#8221;.<\/p>\n<p>Atualmente, parece imposs\u00edvel afirmar com certeza o n\u00famero dessas v\u00edtimas de \u00f3dio profundo \u00e0 f\u00e9, que \u00e9 no entanto o maior dom que o Senhor nos d\u00e1, juntamente com o dom da vida. As \u00faltimas &#8211; mas apenas em ordem cronol\u00f3gica \u2013 foram beatificadas h\u00e1 um ano em Madri.<\/p>\n<p>&#8220;Esses m\u00e1rtires tamb\u00e9m nos convidam a pensar na multid\u00e3o de crentes que s\u00e3o perseguidos no mundo de hoje secretamente &#8211; acrescentou o purpurado &#8211; porque comporta a falta de liberdade religiosa, a impossibilidade de defender-se, o internamento, a morte civil&#8221;.<\/p>\n<p><strong>O mart\u00edrio como vit\u00f3ria da f\u00e9 sobre a persegui\u00e7\u00e3o<\/strong><\/p>\n<p>&#8220;Quem nos separar\u00e1 do amor de Cristo&#8221;, pergunta o prefeito em sua homilia \u200b\u200bcitando S\u00e3o Paulo, que assim responde: &#8220;Nada, nem mesmo a morte, nem as for\u00e7as misteriosas do mundo, nem o futuro, nem qualquer criatura&#8221;.<\/p>\n<p>Esta, portanto, \u00e9 a vit\u00f3ria que os novos Beatos m\u00e1rtires t\u00eam a dizer sobre as persegui\u00e7\u00f5es da \u00e9poca contra a Igreja Cat\u00f3lica, de acordo com o Cardeal. Eles &#8220;semeavam o bem nas par\u00f3quias, nos col\u00e9gios onde ensinavam e nas outras atividades relacionadas com o seu estado de vida&#8221;.<\/p>\n<p>&#8220;No momento supremo de sua exist\u00eancia &#8211; destaca o cardeal Becciu &#8211; quando tiveram que confessar sua f\u00e9, n\u00e3o tiveram medo: aceitaram a morte porque n\u00e3o negaram sua identidade como religiosos, religiosas ou leigos comprometidos&#8221;.<\/p>\n<p>&#8220;Quem ama a sua vida perd\u00ea-la-\u00e1, e quem odeia a sua vida neste mundo, conserv\u00e1-la-\u00e1 para a vida eterna&#8221;, diz Jesus, que nos ensina assim \u2013 recordou o cardeal&nbsp; &#8211; a viver a nossa exist\u00eancia n\u00e3o &#8220;na preserva\u00e7\u00e3o e na apego a n\u00f3s mesmos, mas no dom e no amor aos outros&#8221;.<\/p>\n<p>Precisamente o que os m\u00e1rtires fizeram. E o verdadeiro caminho do discipulado est\u00e1 no servi\u00e7o: somente aqueles que s\u00e3o capazes de servir podem dizer que est\u00e3o caminhando na estrada que Jesus est\u00e1 percorrendo, e podem dizer serem seus disc\u00edpulos.<\/p>\n<p><strong>M\u00e1rtires da f\u00e9<\/strong><\/p>\n<p>Os m\u00e1rtires por causa da f\u00e9 s\u00e3o: o sacerdote Teodoro, oito irm\u00e3os e Irm\u00e3s da Congrega\u00e7\u00e3o de S\u00e3o Pedro \u201cin Vincoli\u201d, tr\u00eas Irm\u00e3s da Congrega\u00e7\u00e3o das Capuchinhas da M\u00e3e do Divino Pastor, uma Irm\u00e3 Franciscana dos Sagrados Cora\u00e7\u00f5es e tr\u00eas leigos: um vi\u00favo, com sua irm\u00e3, e outro jovem. Estes representam apenas uma pequena parte dos mais de novecentos fi\u00e9is assassinados durante a persegui\u00e7\u00e3o espanhola de 1936.<\/p>\n<p>A partir de 1931, e sobretudo em 1934, v\u00e1rias Congrega\u00e7\u00f5es religiosas encontraram s\u00e9rias dificuldades para exercer suas atividades pastorais e educacionais por causa da pol\u00edtica antirreligiosa do governo republicano espanhol. Neste contexto, alguns desses religiosos decidiram oferecer sua vida em sacrif\u00edcio a Deus.<\/p>\n<p>Em Barcelona, \u200b\u200bde modo particular, havia uma forte tens\u00e3o social e persegui\u00e7\u00e3o crist\u00e3 violenta, que causaram destrui\u00e7\u00e3o e inc\u00eandios de igrejas, conventos e escolas, e o assassinato de sacerdotes e religiosos.<\/p>\n<p>Padre Teodoro, superior da comunidade de S\u00e3o F\u00e9lix, celebrou sua \u00faltima Missa, em uma comunidade de religiosas, no domingo, 26 de julho. Ele sabia que, qualquer dia, poderia ser o \u00faltimo da sua vida. Por isso, preparava-se espiritualmente.<\/p>\n<p>Naquela \u00e9poca, Teodoro foi a Barcelona, para saber not\u00edcias de outros religiosos, e voltou para Sant F\u00e9lix, mesmo sabendo que as mil\u00edcias tinham ocupado o convento e expulso os alunos. Naquela noite, foram assassinados o Padre Teodoro e mais tr\u00eas jovens religiosos, por militantes de um pa\u00eds vizinho.<\/p>\n<p>Os outros irm\u00e3os da comunidade de Barcelona, \u00c1ngel Mar\u00eda e Ac\u00e1cio, acompanhados por Eliseu, foram acolhidos por Greg\u00f3rio, oper\u00e1rio vi\u00favo, e Camila, sua irm\u00e3, que vivia com ele. Todos foram assassinados depois de 15 de fevereiro.<\/p>\n<p>As tr\u00eas Capuchinhas da M\u00e3e do Divino Pastor, foram obrigadas a deixar sua casa e o col\u00e9gio, em Barcelona, para buscar ref\u00fagio em casas de amigos. A seguir, o col\u00e9gio foi saqueado e quase totalmente destru\u00eddo. Tamb\u00e9m os dois capel\u00e3es foram mortos.<\/p>\n<p>A mesma sorte coube a outros religiosos, for\u00e7ados a entregar objetos religiosos, destru\u00eddos publicamente e saqueadas as casas, onde as Irm\u00e3s se refugiavam na aldeia, al\u00e9m de outros lugares, igrejas, arquivos eclesi\u00e1sticos e objetos religiosos.<\/p>\n<p>Assim, muitos sacerdotes cat\u00f3licos, religiosos, religiosas e leigos foram perseguidos e assassinados por \u201c\u00f3dio \u00e0 f\u00e9\u201d.<\/p>\n<\/div>\n<div class=\"article__text\">\n<p><b>Por Manoel Tavares e Roberta Barbi\/Vatican News&nbsp;<\/b><\/p>\n<\/div>\n","protected":false},"excerpt":{"rendered":"<p>Trata-se de 9 sacerdotes, 4 religiosas e 3 leigos que serviram na diocese de Barcelona. O prefeito da Congrega\u00e7\u00e3o para as Causas dos Santos, cardeal Angelo Becciu, recordou na cerim\u00f4nia realizada na Catedral da Sagrada Fam\u00edlia &#8211; recordou que suas vidas s\u00e3o &#8220;um modelo a ser imitado pela crentes de todos os tempos.&#8221; O Cardeal&nbsp;<\/p>\n<p><a class=\"btn btn-style\" href=\"http:\/\/portalcatolico.net\/portal\/beatificados-em-barcelona-martires-da-perseguicao-religiosa-na-espanha\/\">Continue Reading<\/a><\/p>\n","protected":false},"author":2,"featured_media":61523,"comment_status":"open","ping_status":"open","sticky":false,"template":"","format":"standard","meta":{"footnotes":""},"categories":[5],"tags":[],"class_list":["post-61522","post","type-post","status-publish","format-standard","has-post-thumbnail","hentry","category-igreja_no_mundo"],"_links":{"self":[{"href":"http:\/\/portalcatolico.net\/portal\/wp-json\/wp\/v2\/posts\/61522","targetHints":{"allow":["GET"]}}],"collection":[{"href":"http:\/\/portalcatolico.net\/portal\/wp-json\/wp\/v2\/posts"}],"about":[{"href":"http:\/\/portalcatolico.net\/portal\/wp-json\/wp\/v2\/types\/post"}],"author":[{"embeddable":true,"href":"http:\/\/portalcatolico.net\/portal\/wp-json\/wp\/v2\/users\/2"}],"replies":[{"embeddable":true,"href":"http:\/\/portalcatolico.net\/portal\/wp-json\/wp\/v2\/comments?post=61522"}],"version-history":[{"count":1,"href":"http:\/\/portalcatolico.net\/portal\/wp-json\/wp\/v2\/posts\/61522\/revisions"}],"predecessor-version":[{"id":61524,"href":"http:\/\/portalcatolico.net\/portal\/wp-json\/wp\/v2\/posts\/61522\/revisions\/61524"}],"wp:featuredmedia":[{"embeddable":true,"href":"http:\/\/portalcatolico.net\/portal\/wp-json\/wp\/v2\/media\/61523"}],"wp:attachment":[{"href":"http:\/\/portalcatolico.net\/portal\/wp-json\/wp\/v2\/media?parent=61522"}],"wp:term":[{"taxonomy":"category","embeddable":true,"href":"http:\/\/portalcatolico.net\/portal\/wp-json\/wp\/v2\/categories?post=61522"},{"taxonomy":"post_tag","embeddable":true,"href":"http:\/\/portalcatolico.net\/portal\/wp-json\/wp\/v2\/tags?post=61522"}],"curies":[{"name":"wp","href":"https:\/\/api.w.org\/{rel}","templated":true}]}}