{"id":61512,"date":"2018-11-11T08:23:40","date_gmt":"2018-11-11T11:23:40","guid":{"rendered":"https:\/\/portalcatolico.net\/portal\/?p=61512"},"modified":"2018-11-11T11:25:31","modified_gmt":"2018-11-11T14:25:31","slug":"continuam-as-celebracoes-em-homenagem-aos-40-anos-da-diocese-de-itabuna","status":"publish","type":"post","link":"http:\/\/portalcatolico.net\/portal\/continuam-as-celebracoes-em-homenagem-aos-40-anos-da-diocese-de-itabuna\/","title":{"rendered":"Continuam as celebra\u00e7\u00f5es em homenagem aos 40 anos da Diocese de Itabuna"},"content":{"rendered":"<div dir=\"auto\"><img loading=\"lazy\" decoding=\"async\" class=\"size-medium wp-image-61515 alignleft\" src=\"https:\/\/portalcatolico.net\/portal\/wp-content\/uploads\/2018\/11\/IMG_0661-300x200.jpg\" alt=\"\" width=\"300\" height=\"200\" srcset=\"http:\/\/portalcatolico.net\/portal\/wp-content\/uploads\/2018\/11\/IMG_0661-300x200.jpg 300w, http:\/\/portalcatolico.net\/portal\/wp-content\/uploads\/2018\/11\/IMG_0661-768x512.jpg 768w, http:\/\/portalcatolico.net\/portal\/wp-content\/uploads\/2018\/11\/IMG_0661.jpg 1000w\" sizes=\"auto, (max-width: 300px) 100vw, 300px\" \/>Neste s\u00e1bado, 10 de novembro, todas as 14 par\u00f3quias da Faronia Centro em Itabuna se reuniram em tr\u00eas diferentes par\u00f3quias da cidade de Itabuna e aconteceu 3 tendas das 15h at\u00e9 \u00e0s 18h.<\/div>\n<div dir=\"auto\">As atividades fazem parte dos festejos em comemora\u00e7\u00f5es aos 40 anos de cria\u00e7\u00e3o da Diocese de Itabuna e continuam em todas as 33 par\u00f3quias em 19 munic\u00edpios do sul da Bahia, at\u00e9 este domingo 11.<\/div>\n<div dir=\"auto\">O momento festivo tamb\u00e9m contou com palestras e adora\u00e7\u00e3o&nbsp; Jesus sacramentado,na tenda da juventude ,na Igreja matriz de&nbsp; Santa Maria Goretti, bairro Mangabinha,foi organizado e assessorado por padres e di\u00e1cono. As 3 tendas de ora\u00e7\u00e3o, reflex\u00e3o, estudos e adora\u00e7\u00e3o para o povo de Deus, a\u00e7\u00e3o que faz parte das comemora\u00e7\u00f5es dos 40 anos de Cria\u00e7\u00e3o da Diocese.<\/div>\n<div dir=\"auto\">Na Catedral de S\u00e3o Jos\u00e9 foi realizada a Tenda para os casais. J\u00e1 a Tenda para as crian\u00e7as e adolescentes&nbsp; aconteceu na Par\u00f3quia Santa Rita de C\u00e1ssia, no bairro S\u00e3o Caetano .Aproximadamente 300 crian\u00e7as e adolescentes participaram!<\/div>\n<div dir=\"auto\">O evento foi organizado pelas catequistas de v\u00e1rias par\u00f3quias da cidade al\u00e9m do diretor espiritual o padre Adriano Fernandes e os frades capuchinhos.<\/div>\n<div dir=\"auto\"><img loading=\"lazy\" decoding=\"async\" class=\"size-medium wp-image-61517 alignright\" src=\"https:\/\/portalcatolico.net\/portal\/wp-content\/uploads\/2018\/11\/45763821_975635652647444_3117609218480275456_n-300x200.jpg\" alt=\"\" width=\"300\" height=\"200\" srcset=\"http:\/\/portalcatolico.net\/portal\/wp-content\/uploads\/2018\/11\/45763821_975635652647444_3117609218480275456_n-300x200.jpg 300w, http:\/\/portalcatolico.net\/portal\/wp-content\/uploads\/2018\/11\/45763821_975635652647444_3117609218480275456_n-768x512.jpg 768w, http:\/\/portalcatolico.net\/portal\/wp-content\/uploads\/2018\/11\/45763821_975635652647444_3117609218480275456_n.jpg 960w\" sizes=\"auto, (max-width: 300px) 100vw, 300px\" \/>Vale ressaltar que em todas as paroquias e comunidades ao meio-dia deste domingo (11) ir\u00e3o realizar queimas de fogos. \u00c0s 15h, tem concentra\u00e7\u00e3o no Jardim do \u00d3, e em&nbsp; seguida, Caminhada de f\u00e9 pela Avenida Aziz Maron at\u00e9 a C\u00e2mara de Vereadores de Itabuna. As 33 par\u00f3quias dos 19 munic\u00edpios que comp\u00f5em as tr\u00eas foranias (Norte, Sul e Centro) da Diocese de Itabuna v\u00e3o participar deste momento celebrativo.&nbsp;<\/div>\n<div dir=\"auto\">A Celebra\u00e7\u00e3o Eucar\u00edstica em A\u00e7\u00e3o de Gra\u00e7as pelos 40 anos de cria\u00e7\u00e3o e instala\u00e7\u00e3o da Diocese Itabuna, est\u00e1 previsto para acontecer \u00e0s 16h30 com a presen\u00e7a de todos os padres, di\u00e1conos, seminaristas, bispo, entre outras autoridades religiosas.&nbsp;<\/div>\n<div dir=\"auto\">Os festejos do anivers\u00e1rio da Diocese de Itabuna&nbsp; &nbsp;iniciou no dia 18 de outubro, com a santa missa de abertura presidida pelo bispo diocesano Dom Carlos Alberto dos Santos.<\/div>\n<div dir=\"auto\">&nbsp;<\/div>\n<div dir=\"auto\">Confira todas as fotos das tr\u00eas tendas aqui no site,<a href=\"https:\/\/portalcatolico.net\/portal\/tendas-nas-paroquias-em-itabuna\/?fbclid=IwAR3GVHfqOag17SpjSbMqb7DPuIZ6ctLbAwRcKoR5l4A5475AtlW12LPAKlA\"><strong>clicando aqui<\/strong><\/a><\/div>\n","protected":false},"excerpt":{"rendered":"<p>Neste s\u00e1bado, 10 de novembro, todas as 14 par\u00f3quias da Faronia Centro em Itabuna se reuniram em tr\u00eas diferentes par\u00f3quias da cidade de Itabuna e aconteceu 3 tendas das 15h at\u00e9 \u00e0s 18h. As atividades fazem parte dos festejos em comemora\u00e7\u00f5es aos 40 anos de cria\u00e7\u00e3o da Diocese de Itabuna e continuam em todas as&nbsp;<\/p>\n<p><a class=\"btn btn-style\" href=\"http:\/\/portalcatolico.net\/portal\/continuam-as-celebracoes-em-homenagem-aos-40-anos-da-diocese-de-itabuna\/\">Continue Reading<\/a><\/p>\n","protected":false},"author":2,"featured_media":61513,"comment_status":"open","ping_status":"open","sticky":false,"template":"","format":"standard","meta":{"footnotes":""},"categories":[4],"tags":[],"class_list":["post-61512","post","type-post","status-publish","format-standard","has-post-thumbnail","hentry","category-destaques"],"_links":{"self":[{"href":"http:\/\/portalcatolico.net\/portal\/wp-json\/wp\/v2\/posts\/61512","targetHints":{"allow":["GET"]}}],"collection":[{"href":"http:\/\/portalcatolico.net\/portal\/wp-json\/wp\/v2\/posts"}],"about":[{"href":"http:\/\/portalcatolico.net\/portal\/wp-json\/wp\/v2\/types\/post"}],"author":[{"embeddable":true,"href":"http:\/\/portalcatolico.net\/portal\/wp-json\/wp\/v2\/users\/2"}],"replies":[{"embeddable":true,"href":"http:\/\/portalcatolico.net\/portal\/wp-json\/wp\/v2\/comments?post=61512"}],"version-history":[{"count":10,"href":"http:\/\/portalcatolico.net\/portal\/wp-json\/wp\/v2\/posts\/61512\/revisions"}],"predecessor-version":[{"id":61528,"href":"http:\/\/portalcatolico.net\/portal\/wp-json\/wp\/v2\/posts\/61512\/revisions\/61528"}],"wp:featuredmedia":[{"embeddable":true,"href":"http:\/\/portalcatolico.net\/portal\/wp-json\/wp\/v2\/media\/61513"}],"wp:attachment":[{"href":"http:\/\/portalcatolico.net\/portal\/wp-json\/wp\/v2\/media?parent=61512"}],"wp:term":[{"taxonomy":"category","embeddable":true,"href":"http:\/\/portalcatolico.net\/portal\/wp-json\/wp\/v2\/categories?post=61512"},{"taxonomy":"post_tag","embeddable":true,"href":"http:\/\/portalcatolico.net\/portal\/wp-json\/wp\/v2\/tags?post=61512"}],"curies":[{"name":"wp","href":"https:\/\/api.w.org\/{rel}","templated":true}]}}