{"id":61412,"date":"2018-11-10T07:25:09","date_gmt":"2018-11-10T10:25:09","guid":{"rendered":"https:\/\/portalcatolico.net\/portal\/?p=61412"},"modified":"2018-11-10T07:32:55","modified_gmt":"2018-11-10T10:32:55","slug":"a-diocese-de-itabuna-esta-em-festa","status":"publish","type":"post","link":"http:\/\/portalcatolico.net\/portal\/a-diocese-de-itabuna-esta-em-festa\/","title":{"rendered":"A Diocese de Itabuna est\u00e1 em festa!"},"content":{"rendered":"<div dir=\"auto\">As comemora\u00e7\u00f5es dos 40 anos de cria\u00e7\u00e3o da Diocese de Itabuna continuam em todas as 33 par\u00f3quias em 19 munic\u00edpios. Neste s\u00e1bado, 10 de novembro, todas as 14 par\u00f3quias da Faronia Centro estar\u00e3o realizando tr\u00eas momentos de evangeliza\u00e7\u00e3o em tr\u00eas paroquias da cidade de Itabuna.&nbsp;<\/div>\n<div dir=\"auto\">&nbsp;<\/div>\n<div dir=\"auto\">O evento contar\u00e1 com 3 tendas das 15h at\u00e9 \u00e0s 18h: Tenda da juventude (Par\u00f3quia santa Maria Goretti, bairro Mangabinha), Tenda para os casais (Paroquia Catedral de S\u00e3o Jos\u00e9, centro da cidade), Tenda das Crian\u00e7as e Adolescentes (Par\u00f3quia Santa Rita de C\u00e1ssia, bairro S\u00e3o Caetano).<\/div>\n<div dir=\"auto\">Tamb\u00e9m ter\u00e1 muito louvor, Ora\u00e7\u00e3o, prega\u00e7\u00e3o, entre outros momentos de evangeliza\u00e7\u00e3o.<\/div>\n<div dir=\"auto\">&nbsp;<\/div>\n<div dir=\"auto\">Vale ressaltar que em todas as par\u00f3quias e comunidades, ao meio-dia deste domingo (11), ir\u00e3o realizar queima de fogos.&nbsp; \u00c0s 15h, tem concentra\u00e7\u00e3o no Jardim do \u00d3, e em seguida, tem caminhada de f\u00e9 pela Avenida Aziz Maron at\u00e9 a C\u00e2mara de Vereadores de Itabuna, sendo todas as 33 par\u00f3quias dos 19 munic\u00edpios que comp\u00f5em as tr\u00eas faronias da Diocese de Itabuna.<\/div>\n<div dir=\"auto\">&nbsp;<\/div>\n<div dir=\"auto\">A Celebra\u00e7\u00e3o Eucar\u00edstica em A\u00e7\u00e3o de Gra\u00e7as pelos 40 anos de cria\u00e7\u00e3o e instala\u00e7\u00e3o da Diocese Itabuna est\u00e1 prevista para acontecer \u00e0s 16h30.&nbsp;Os festejos tiveram in\u00edcio no dia 18 de outubro, com a santa missa de abertura, presidida pelo bispo diocesano Dom Carlos Alberto dos Santos e por todos as padres e di\u00e1conos da Diocese aniversariante.<\/div>\n<div dir=\"auto\">&nbsp;<\/div>\n<div dir=\"auto\">Fotos:Montagem\/Portal Cat\u00f3lico.Net<\/div>\n","protected":false},"excerpt":{"rendered":"<p>As comemora\u00e7\u00f5es dos 40 anos de cria\u00e7\u00e3o da Diocese de Itabuna continuam em todas as 33 par\u00f3quias em 19 munic\u00edpios. Neste s\u00e1bado, 10 de novembro, todas as 14 par\u00f3quias da Faronia Centro estar\u00e3o realizando tr\u00eas momentos de evangeliza\u00e7\u00e3o em tr\u00eas paroquias da cidade de Itabuna.&nbsp; &nbsp; O evento contar\u00e1 com 3 tendas das 15h at\u00e9&nbsp;<\/p>\n<p><a class=\"btn btn-style\" href=\"http:\/\/portalcatolico.net\/portal\/a-diocese-de-itabuna-esta-em-festa\/\">Continue Reading<\/a><\/p>\n","protected":false},"author":2,"featured_media":61413,"comment_status":"open","ping_status":"open","sticky":false,"template":"","format":"standard","meta":{"footnotes":""},"categories":[4],"tags":[],"class_list":["post-61412","post","type-post","status-publish","format-standard","has-post-thumbnail","hentry","category-destaques"],"_links":{"self":[{"href":"http:\/\/portalcatolico.net\/portal\/wp-json\/wp\/v2\/posts\/61412","targetHints":{"allow":["GET"]}}],"collection":[{"href":"http:\/\/portalcatolico.net\/portal\/wp-json\/wp\/v2\/posts"}],"about":[{"href":"http:\/\/portalcatolico.net\/portal\/wp-json\/wp\/v2\/types\/post"}],"author":[{"embeddable":true,"href":"http:\/\/portalcatolico.net\/portal\/wp-json\/wp\/v2\/users\/2"}],"replies":[{"embeddable":true,"href":"http:\/\/portalcatolico.net\/portal\/wp-json\/wp\/v2\/comments?post=61412"}],"version-history":[{"count":3,"href":"http:\/\/portalcatolico.net\/portal\/wp-json\/wp\/v2\/posts\/61412\/revisions"}],"predecessor-version":[{"id":61416,"href":"http:\/\/portalcatolico.net\/portal\/wp-json\/wp\/v2\/posts\/61412\/revisions\/61416"}],"wp:featuredmedia":[{"embeddable":true,"href":"http:\/\/portalcatolico.net\/portal\/wp-json\/wp\/v2\/media\/61413"}],"wp:attachment":[{"href":"http:\/\/portalcatolico.net\/portal\/wp-json\/wp\/v2\/media?parent=61412"}],"wp:term":[{"taxonomy":"category","embeddable":true,"href":"http:\/\/portalcatolico.net\/portal\/wp-json\/wp\/v2\/categories?post=61412"},{"taxonomy":"post_tag","embeddable":true,"href":"http:\/\/portalcatolico.net\/portal\/wp-json\/wp\/v2\/tags?post=61412"}],"curies":[{"name":"wp","href":"https:\/\/api.w.org\/{rel}","templated":true}]}}