{"id":61409,"date":"2018-11-09T19:49:46","date_gmt":"2018-11-09T22:49:46","guid":{"rendered":"https:\/\/portalcatolico.net\/portal\/?p=61409"},"modified":"2018-11-09T19:49:46","modified_gmt":"2018-11-09T22:49:46","slug":"pastoral-arquidiocesana-do-povo-de-rua-realiza-jornada-pelo-dia-mundial-dos-pobres","status":"publish","type":"post","link":"http:\/\/portalcatolico.net\/portal\/pastoral-arquidiocesana-do-povo-de-rua-realiza-jornada-pelo-dia-mundial-dos-pobres\/","title":{"rendered":"Pastoral Arquidiocesana do Povo de Rua realiza Jornada pelo Dia Mundial dos Pobres"},"content":{"rendered":"<p>Em comunh\u00e3o com o Papa Francisco, a Arquidiocese de Salvador, atrav\u00e9s da Pastoral Arquidiocesana do Povo de Rua, celebrar\u00e1 a&nbsp;<strong>Jornada Mundial dos Pobres<\/strong>, de 11 a 18 de novembro. Neste tempo favor\u00e1vel, acontecer\u00e3o momentos de reflex\u00e3o sobre o tema central \u2013 \u201cEste pobre clama e o Senhor o escuta\u201d \u2013 e de fortalecimento da op\u00e7\u00e3o preferencial pelos pobres, assumida pela Igreja atrav\u00e9s de tantas m\u00e3os e de cora\u00e7\u00f5es que se doam em favor dos pequenos e exclu\u00eddos da sociedade.<\/p>\n<p>A programa\u00e7\u00e3o ter\u00e1 in\u00edcio no dia 11, durante as missas dominicais celebradas nas par\u00f3quias. A partir desta data, cada comunidade \u00e9 convidada a ler e a partilhar trechos da mensagem e, logo depois, realizar encontros com mantras, cantos, leituras b\u00edblicas, preces e gestos concretos para esta jornada.<\/p>\n<p>A partir do dia 14, ter\u00e3o in\u00edcio as atividades arquidiocesanas, voltadas para a celebra\u00e7\u00e3o do Dia Mundial dos Pobres. A primeira delas ser\u00e1 o semin\u00e1rio pelos 10 anos de exist\u00eancia do Projeto Levanta-te e Anda, que acompanha pessoas em situa\u00e7\u00e3o de rua. A atividade acontecer\u00e1 na Universidade Cat\u00f3lica do Salvador (Campus da Federa\u00e7\u00e3o) e contar\u00e1 com a participa\u00e7\u00e3o de todas as entidades envolvidas, equipes e atendidos do projeto, al\u00e9m de outras iniciativas que possuem a mesma proposta de trabalho.<\/p>\n<p>J\u00e1 no dia 17 de novembro, ser\u00e1 realizada a Vig\u00edlia da Luz, das 19h30 \u00e0s 21h, na Comunidade da Trindade (\u00c1gua de Meninos). Esta a\u00e7\u00e3o \u00e9 aberta para quem desejar participar e prepara homens e mulheres para o domingo (18), quando ser\u00e1 encerrada a Jornada Mundial dos Pobres. Nesta data \u2013 18 de novembro -, das 7h \u00e0s 13h, a Pra\u00e7a do Largo de Roma, conhecida como Pra\u00e7a Irm\u00e3 Dulce, acolher\u00e1 uma s\u00e9rie de atividades voltadas para as comunidades e entidades que trabalham com pessoas pobres, especialmente as que est\u00e3o em situa\u00e7\u00e3o de rua. Na ocasi\u00e3o, ser\u00e3o realizados servi\u00e7os gratuitos de corte de cabelo e barba (para homens), corte de cabelo, penteado e maquiagem (para mulheres), medi\u00e7\u00e3o de IMC (\u00cdndice de Massa Corp\u00f3rea), aferi\u00e7\u00e3o de press\u00e3o arterial, oficina de pintura e papel\u00e3o e apresenta\u00e7\u00f5es de teatro e de capoeira. \u00c0s 11h, o Arcebispo de Salvador e Primaz do Brasil, Dom Murilo Krieger, presidir\u00e1 a Missa, no Santu\u00e1rio da Imaculada Concei\u00e7\u00e3o de M\u00e3e de Deus (Irm\u00e3 Dulce).<\/p>\n<p>Neste dia, no Vaticano, o Papa Francisco almo\u00e7ar\u00e1 com pessoas que vivem em situa\u00e7\u00e3o de extrema pobreza. O mesmo gesto ser\u00e1 realizado na capital baiana, quando, por volta das 12h, Dom Murilo almo\u00e7ar\u00e1 com pessoas que vivem em situa\u00e7\u00e3o de rua e com todos os que estiverem na Pra\u00e7a Irm\u00e3 Dulce.<\/p>\n<p>Texto: Sara Gomes\/Arquidiocese de Salvador<\/p>\n<p>Confira a mensagem de Dom Murilo sobre o Dia Mundial do Pobre:<\/p>\n<p><iframe loading=\"lazy\"  id=\"_ytid_23200\"  width=\"480\" height=\"270\"  data-origwidth=\"480\" data-origheight=\"270\" src=\"https:\/\/www.youtube.com\/embed\/vTdqTMYymMM?enablejsapi=1&#038;autoplay=0&#038;cc_load_policy=0&#038;cc_lang_pref=&#038;iv_load_policy=1&#038;loop=0&#038;rel=1&#038;fs=1&#038;playsinline=0&#038;autohide=2&#038;theme=dark&#038;color=red&#038;controls=1&#038;disablekb=0&#038;\" class=\"__youtube_prefs__  epyt-is-override  no-lazyload\" title=\"YouTube player\"  allow=\"fullscreen; accelerometer; autoplay; clipboard-write; encrypted-media; gyroscope; picture-in-picture; web-share\" referrerpolicy=\"strict-origin-when-cross-origin\" allowfullscreen data-no-lazy=\"1\" data-skipgform_ajax_framebjll=\"\"><\/iframe><\/p>\n","protected":false},"excerpt":{"rendered":"<p>Em comunh\u00e3o com o Papa Francisco, a Arquidiocese de Salvador, atrav\u00e9s da Pastoral Arquidiocesana do Povo de Rua, celebrar\u00e1 a&nbsp;Jornada Mundial dos Pobres, de 11 a 18 de novembro. Neste tempo favor\u00e1vel, acontecer\u00e3o momentos de reflex\u00e3o sobre o tema central \u2013 \u201cEste pobre clama e o Senhor o escuta\u201d \u2013 e de fortalecimento da op\u00e7\u00e3o&nbsp;<\/p>\n<p><a class=\"btn btn-style\" href=\"http:\/\/portalcatolico.net\/portal\/pastoral-arquidiocesana-do-povo-de-rua-realiza-jornada-pelo-dia-mundial-dos-pobres\/\">Continue Reading<\/a><\/p>\n","protected":false},"author":2,"featured_media":61410,"comment_status":"open","ping_status":"open","sticky":false,"template":"","format":"standard","meta":{"footnotes":""},"categories":[3],"tags":[],"class_list":["post-61409","post","type-post","status-publish","format-standard","has-post-thumbnail","hentry","category-noticias_regionais"],"_links":{"self":[{"href":"http:\/\/portalcatolico.net\/portal\/wp-json\/wp\/v2\/posts\/61409","targetHints":{"allow":["GET"]}}],"collection":[{"href":"http:\/\/portalcatolico.net\/portal\/wp-json\/wp\/v2\/posts"}],"about":[{"href":"http:\/\/portalcatolico.net\/portal\/wp-json\/wp\/v2\/types\/post"}],"author":[{"embeddable":true,"href":"http:\/\/portalcatolico.net\/portal\/wp-json\/wp\/v2\/users\/2"}],"replies":[{"embeddable":true,"href":"http:\/\/portalcatolico.net\/portal\/wp-json\/wp\/v2\/comments?post=61409"}],"version-history":[{"count":1,"href":"http:\/\/portalcatolico.net\/portal\/wp-json\/wp\/v2\/posts\/61409\/revisions"}],"predecessor-version":[{"id":61411,"href":"http:\/\/portalcatolico.net\/portal\/wp-json\/wp\/v2\/posts\/61409\/revisions\/61411"}],"wp:featuredmedia":[{"embeddable":true,"href":"http:\/\/portalcatolico.net\/portal\/wp-json\/wp\/v2\/media\/61410"}],"wp:attachment":[{"href":"http:\/\/portalcatolico.net\/portal\/wp-json\/wp\/v2\/media?parent=61409"}],"wp:term":[{"taxonomy":"category","embeddable":true,"href":"http:\/\/portalcatolico.net\/portal\/wp-json\/wp\/v2\/categories?post=61409"},{"taxonomy":"post_tag","embeddable":true,"href":"http:\/\/portalcatolico.net\/portal\/wp-json\/wp\/v2\/tags?post=61409"}],"curies":[{"name":"wp","href":"https:\/\/api.w.org\/{rel}","templated":true}]}}