{"id":61406,"date":"2018-11-10T00:38:40","date_gmt":"2018-11-10T03:38:40","guid":{"rendered":"https:\/\/portalcatolico.net\/portal\/?p=61406"},"modified":"2018-11-09T15:39:14","modified_gmt":"2018-11-09T18:39:14","slug":"apostolado-da-oracao-promovera-retiro-espiritual-diocesano","status":"publish","type":"post","link":"http:\/\/portalcatolico.net\/portal\/apostolado-da-oracao-promovera-retiro-espiritual-diocesano\/","title":{"rendered":"Apostolado da Ora\u00e7\u00e3o promover\u00e1 retiro espiritual diocesano"},"content":{"rendered":"<p>O Apostolado da Ora\u00e7\u00e3o da Diocese de Itabuna promover\u00e1 no dia 18 de novembro o seu Retiro Espiritual diocesano na Par\u00f3quia Santa Rita de C\u00e1ssia no Bairro S\u00e3o Caetano em Itabuna.<br \/>\nDevido o ano do laicato e como o movimento est\u00e1 em processo de Recria\u00e7\u00e3o, o retiro ter\u00e1 como tema: \u201c<strong>COMO LEIGOS SOMOS CHAMADOS A TRILHAR O CAMINHO DO CORA\u00c7\u00c3O DE JESUS EXERCENDO O NOSSO APOSTOLADO\u201d.<br \/>\n<\/strong>O retiro ter\u00e1 inicio \u00e0s 09:30hs com a Santa Missa presidida pelo bispo Dom Carlos Alberto, durante todo o dia haver\u00e1 louvor, ora\u00e7\u00e3o e prega\u00e7\u00e3o com o associado Arthur Rab\u00ealo do Apostolado de S\u00e3o Paulo.<\/p>\n<p>O investimento para a participa\u00e7\u00e3o \u00e9 de R$25,00. Qualquer cat\u00f3lico pode participar.<\/p>\n<p>Fonte:Diocese de Itabuna<\/p>\n","protected":false},"excerpt":{"rendered":"<p>O Apostolado da Ora\u00e7\u00e3o da Diocese de Itabuna promover\u00e1 no dia 18 de novembro o seu Retiro Espiritual diocesano na Par\u00f3quia Santa Rita de C\u00e1ssia no Bairro S\u00e3o Caetano em Itabuna. Devido o ano do laicato e como o movimento est\u00e1 em processo de Recria\u00e7\u00e3o, o retiro ter\u00e1 como tema: \u201cCOMO LEIGOS SOMOS CHAMADOS A&nbsp;<\/p>\n<p><a class=\"btn btn-style\" href=\"http:\/\/portalcatolico.net\/portal\/apostolado-da-oracao-promovera-retiro-espiritual-diocesano\/\">Continue Reading<\/a><\/p>\n","protected":false},"author":2,"featured_media":61407,"comment_status":"open","ping_status":"open","sticky":false,"template":"","format":"standard","meta":{"footnotes":""},"categories":[1],"tags":[],"class_list":["post-61406","post","type-post","status-publish","format-standard","has-post-thumbnail","hentry","category-agenda"],"_links":{"self":[{"href":"http:\/\/portalcatolico.net\/portal\/wp-json\/wp\/v2\/posts\/61406","targetHints":{"allow":["GET"]}}],"collection":[{"href":"http:\/\/portalcatolico.net\/portal\/wp-json\/wp\/v2\/posts"}],"about":[{"href":"http:\/\/portalcatolico.net\/portal\/wp-json\/wp\/v2\/types\/post"}],"author":[{"embeddable":true,"href":"http:\/\/portalcatolico.net\/portal\/wp-json\/wp\/v2\/users\/2"}],"replies":[{"embeddable":true,"href":"http:\/\/portalcatolico.net\/portal\/wp-json\/wp\/v2\/comments?post=61406"}],"version-history":[{"count":1,"href":"http:\/\/portalcatolico.net\/portal\/wp-json\/wp\/v2\/posts\/61406\/revisions"}],"predecessor-version":[{"id":61408,"href":"http:\/\/portalcatolico.net\/portal\/wp-json\/wp\/v2\/posts\/61406\/revisions\/61408"}],"wp:featuredmedia":[{"embeddable":true,"href":"http:\/\/portalcatolico.net\/portal\/wp-json\/wp\/v2\/media\/61407"}],"wp:attachment":[{"href":"http:\/\/portalcatolico.net\/portal\/wp-json\/wp\/v2\/media?parent=61406"}],"wp:term":[{"taxonomy":"category","embeddable":true,"href":"http:\/\/portalcatolico.net\/portal\/wp-json\/wp\/v2\/categories?post=61406"},{"taxonomy":"post_tag","embeddable":true,"href":"http:\/\/portalcatolico.net\/portal\/wp-json\/wp\/v2\/tags?post=61406"}],"curies":[{"name":"wp","href":"https:\/\/api.w.org\/{rel}","templated":true}]}}