{"id":61403,"date":"2018-11-09T15:22:53","date_gmt":"2018-11-09T18:22:53","guid":{"rendered":"https:\/\/portalcatolico.net\/portal\/?p=61403"},"modified":"2018-11-09T15:22:53","modified_gmt":"2018-11-09T18:22:53","slug":"dia-mundial-dos-pobres-catedral-inaugura-escultura-do-cristo-sem-teto","status":"publish","type":"post","link":"http:\/\/portalcatolico.net\/portal\/dia-mundial-dos-pobres-catedral-inaugura-escultura-do-cristo-sem-teto\/","title":{"rendered":"Dia Mundial dos Pobres: Catedral inaugura escultura do Cristo sem-teto"},"content":{"rendered":"<p class=\"textopadrao\">Pela segunda vez, no dia 18 de novembro, ser\u00e1 celebrado o Dia Mundial dos Pobres, que ter\u00e1 como tema uma inspira\u00e7\u00e3o do Salmo 34: \u201c\u2018Este pobre grita e o Senhor o escuta\u201d (Sl 34,7).<\/p>\n<p class=\"textopadrao\">\u201cAs palavras do salmista tornam-se tamb\u00e9m as nossas no momento em que somos chamados a encontrar-nos com as diversas condi\u00e7\u00f5es de sofrimento e marginaliza\u00e7\u00e3o em que vivem tantos irm\u00e3os e irm\u00e3s nossos, que estamos habituados a designar com o termo gen\u00e9rico de \u2018pobres\u2019\u201d. disse o Papa Francisco em sua mensagem por ocasi\u00e3o da data.<\/p>\n<p class=\"textopadrao\">Na Arquidiocese do Rio de Janeiro, foi programada uma semana de eventos relacionados ao Dia Mundial dos Pobres: celebra\u00e7\u00e3o na Mar\u00e9, painel sobre o c\u00e1rcere feminino, encontro ecum\u00eanico, audi\u00eancia p\u00fablica, encontro com os bispos do Regional Leste 1, a\u00e7\u00e3o social na Cracol\u00e2ndia, manh\u00e3 de catequese nos vicariatos, f\u00f3rum sobre a Justi\u00e7a Restaurativa e, no encerramento, uma manh\u00e3 inteira de atividades na Catedral (veja ao lado a programa\u00e7\u00e3o completa).<\/p>\n<p class=\"entretitulo\"><strong>Programa\u00e7\u00e3o na Catedral<\/strong><\/p>\n<p class=\"textopadrao\">O encerramento do Dia Mundial dos Pobres, no dia 18 de novembro, ser\u00e1 realizado na Catedral de S\u00e3o Sebasti\u00e3o, no Centro.<\/p>\n<p class=\"textopadrao\">\u201cMais uma vez, teremos a oportunidade de oferecer aos nossos irm\u00e3os que vivem em situa\u00e7\u00e3o de rua, logo \u00e0s 7h da manh\u00e3, um caf\u00e9 da manh\u00e3. Tudo est\u00e1 sendo preparado pela equipe que trabalha h\u00e1 mais de 20 anos, todos os domingos, agora com a participa\u00e7\u00e3o de novos membros. Vai ser um momento pastoral e social. Tamb\u00e9m vamos oferecer um banho digno, corte de cabelo, a\u00e7\u00e3o com rela\u00e7\u00e3o \u00e0 documenta\u00e7\u00e3o, evangeliza\u00e7\u00e3o e missa\u201d, explicou o p\u00e1roco da Catedral, c\u00f4nego Cl\u00e1udio dos Santos.<\/p>\n<p class=\"textopadrao\">Ap\u00f3s a missa, o arcebispo do Rio, Cardeal Orani Jo\u00e3o Tempesta, ir\u00e1 conduzir a Ora\u00e7\u00e3o do \u00c2ngelus em frente \u00e0 est\u00e1tua de Santa Teresa de Calcut\u00e1, e ir\u00e1 aben\u00e7oar a escultura de Jesus sem-teto, que ficar\u00e1 na pra\u00e7a em frente \u00e0 Catedral, do lado esquerdo (para quem olha da Catedral para a Avenida Chile).<\/p>\n<p class=\"textopadrao\">Para concluir, Dom Orani oferecer\u00e1 almo\u00e7o para os irm\u00e3os em situa\u00e7\u00e3o de rua.<\/p>\n<p class=\"textopadrao\">\u201cVamos fazer acontecer esse gesto de solidariedade como demonstra\u00e7\u00e3o do amor de Deus. N\u00f3s recebemos esse amor e o passamos adiante atrav\u00e9s do nosso gesto, que leva alegria ao cora\u00e7\u00e3o dos pobres. Que possamos viver essa semana cada vez mais, vendo a figura de Cristo na pessoa do pobre\u201d, disse o c\u00f4nego Cl\u00e1udio.<\/p>\n<p class=\"entretitulo\"><strong>Jesus sem-teto<\/strong><\/p>\n<p class=\"textopadrao\">O Papa Francisco presenteou a Arquidiocese do Rio de Janeiro, representada pelo arcebispo, Cardeal Tempesta, com uma escultura chamada Jesus sem-teto. A obra \u00e9 do artista canadense Timothy P. Schmalz, e possui exemplares em diversos locais do mundo, incluindo a It\u00e1lia \u2013 a imagem se encontra na entrada da Elemosineria Apost\u00f3lica, em Roma \u2013 e Estados Unidos.<\/p>\n<p class=\"textopadrao\">Segundo o c\u00f4nego Cl\u00e1udio, a escultura ficar\u00e1 na Catedral Metropolitana, no Centro, e acess\u00edvel ao p\u00fablico a partir do Dia Mundial dos Pobres, 18 de novembro.<\/p>\n<p class=\"textopadrao\">A data n\u00e3o foi escolhida por acaso: Jesus sem-teto, uma est\u00e1tua em tamanho real, \u00e9 a figura de uma pessoa em situa\u00e7\u00e3o de rua deitada em um banco. O \u2018homem\u2019 da imagem apresenta chagas nos p\u00e9s, que podem ser vistas, apesar do pequeno cobertor que tem por cima de seu corpo para proteger do frio.<\/p>\n<p class=\"textopadrao\">Quem intermediou a vinda da imagem foi a embaixada do Brasil junto \u00e0 Santa S\u00e9, juntamente com a Ordem do Santo Sepulcro.<\/p>\n<p class=\"textopadrao\">O autor ofereceu uma imagem igual ao Papa Francisco pessoalmente, em 2013.<\/p>\n<p>Com informa\u00e7\u00f5es e foto da Arquidiocese do Rio de Janeiro<\/p>\n","protected":false},"excerpt":{"rendered":"<p>Pela segunda vez, no dia 18 de novembro, ser\u00e1 celebrado o Dia Mundial dos Pobres, que ter\u00e1 como tema uma inspira\u00e7\u00e3o do Salmo 34: \u201c\u2018Este pobre grita e o Senhor o escuta\u201d (Sl 34,7). \u201cAs palavras do salmista tornam-se tamb\u00e9m as nossas no momento em que somos chamados a encontrar-nos com as diversas condi\u00e7\u00f5es de&nbsp;<\/p>\n<p><a class=\"btn btn-style\" href=\"http:\/\/portalcatolico.net\/portal\/dia-mundial-dos-pobres-catedral-inaugura-escultura-do-cristo-sem-teto\/\">Continue Reading<\/a><\/p>\n","protected":false},"author":2,"featured_media":61404,"comment_status":"open","ping_status":"open","sticky":false,"template":"","format":"standard","meta":{"footnotes":""},"categories":[3],"tags":[],"class_list":["post-61403","post","type-post","status-publish","format-standard","has-post-thumbnail","hentry","category-noticias_regionais"],"_links":{"self":[{"href":"http:\/\/portalcatolico.net\/portal\/wp-json\/wp\/v2\/posts\/61403","targetHints":{"allow":["GET"]}}],"collection":[{"href":"http:\/\/portalcatolico.net\/portal\/wp-json\/wp\/v2\/posts"}],"about":[{"href":"http:\/\/portalcatolico.net\/portal\/wp-json\/wp\/v2\/types\/post"}],"author":[{"embeddable":true,"href":"http:\/\/portalcatolico.net\/portal\/wp-json\/wp\/v2\/users\/2"}],"replies":[{"embeddable":true,"href":"http:\/\/portalcatolico.net\/portal\/wp-json\/wp\/v2\/comments?post=61403"}],"version-history":[{"count":1,"href":"http:\/\/portalcatolico.net\/portal\/wp-json\/wp\/v2\/posts\/61403\/revisions"}],"predecessor-version":[{"id":61405,"href":"http:\/\/portalcatolico.net\/portal\/wp-json\/wp\/v2\/posts\/61403\/revisions\/61405"}],"wp:featuredmedia":[{"embeddable":true,"href":"http:\/\/portalcatolico.net\/portal\/wp-json\/wp\/v2\/media\/61404"}],"wp:attachment":[{"href":"http:\/\/portalcatolico.net\/portal\/wp-json\/wp\/v2\/media?parent=61403"}],"wp:term":[{"taxonomy":"category","embeddable":true,"href":"http:\/\/portalcatolico.net\/portal\/wp-json\/wp\/v2\/categories?post=61403"},{"taxonomy":"post_tag","embeddable":true,"href":"http:\/\/portalcatolico.net\/portal\/wp-json\/wp\/v2\/tags?post=61403"}],"curies":[{"name":"wp","href":"https:\/\/api.w.org\/{rel}","templated":true}]}}