{"id":61396,"date":"2018-11-09T06:03:30","date_gmt":"2018-11-09T09:03:30","guid":{"rendered":"https:\/\/portalcatolico.net\/portal\/?p=61396"},"modified":"2018-11-09T06:03:30","modified_gmt":"2018-11-09T09:03:30","slug":"igreja-catolica-proclamara-13-novos-beatos","status":"publish","type":"post","link":"http:\/\/portalcatolico.net\/portal\/igreja-catolica-proclamara-13-novos-beatos\/","title":{"rendered":"Igreja Cat\u00f3lica proclamar\u00e1 13 novos Beatos"},"content":{"rendered":"<p>O Papa Francisco assinou, na \u00faltima quarta-feira, 7, 24 decretos da Congrega\u00e7\u00e3o para as Causas dos Santos atrav\u00e9s do qual autoriza a proclama\u00e7\u00e3o de 13 novos Beatos, entre os quais 11 m\u00e1rtires e 10 novos servos de Deus.<\/p>\n<p>Os decretos reconhecem os milagres atribu\u00eddos: \u00e0 intercess\u00e3o da Vener\u00e1vel Serva de Deus Edvige Carboni, leiga nascida em Pozzomaggiore (It\u00e1lia), em 2 de maio de 1880, e falecida em Roma, em 17 de fevereiro de 1952; e \u00e0 intercess\u00e3o da Vener\u00e1vel Serva de Deus Benedetta Bianchi Porro, leiga, nascida em Dovadola (It\u00e1lia), em 8 de agosto de 1936, e falecida em Sirmione del Garda, na It\u00e1lia, em 23 de janeiro de 1964.<\/p>\n<p>Do mesmo modo, os decretos reconhecem os mart\u00edrios: dos Servos de Deus \u00c1ngel Cuartas Crist\u00f3bal e 8 companheiros alunos do Semin\u00e1rio de Oviedo (Espanha), assassinados por \u00f3dio \u00e0 F\u00e9 entre 1934 a 1937; do Servo de Deus Mariano Mullerat i Soldevila, leigo e pai de fam\u00edlia, nascido em Santa Coloma de Queralt (Espanha), em 24 de mar\u00e7o de 1897, e assassinado por \u00f3dio \u00e0 F\u00e9 em El Pla, em 13 de agosto 1936; do Servo de Deus James Alfred Miller, irm\u00e3o professo do Instituto dos Irm\u00e3os das Escolas Crist\u00e3s, nascido em Stevens Point (Estados Unidos), em 21 de setembro de 1944, e assassinado por \u00f3dio \u00e0 F\u00e9 em Huehuetenango (Guatemala), em 13 de fevereiro de 1982.<\/p>\n<p>Al\u00e9m disso, os decretos reconhecem as virtudes heroicas dos seguintes Servos de Deus:<\/p>\n<p>&#8211; Giovanni Jacono, Arcebispo titular de Mocisso, Bispo em\u00e9rito de Caltanissetta; nascido em Ragusa (It\u00e1lia), em 14 de mar\u00e7o de 1873, e falecido na mesma cidade, em 25 de maio de 1957.<\/p>\n<p>&#8211; Alfredo Maria Obviar, primeiro Bispo de Lucena e fundador da Congrega\u00e7\u00e3o das Mission\u00e1rias Catequistas de Santa Teresa do Menino Jesus; nascido em Lipa (Filipinas), em 29 de agosto de 1889, e falecido em Lucena (Filipinas), em 1\u00ba de outubro de 1978.<\/p>\n<p>&#8211; Giovanni Ciresola, sacerdote diocesano, fundador da Congrega\u00e7\u00e3o das Pobres Servas do Precios\u00edssimo Sangue &#8211; Cen\u00e1culo da Caridade; nascido em Quaderni di Villafranca (It\u00e1lia), em 30 de maio de 1902, e falecido em Quinto di Valpantena (It\u00e1lia), em 13 de abril de 1987.<\/p>\n<p>&#8211; Luigi Bosio, sacerdote diocesano; nascido em Avesa (It\u00e1lia), em 10 de abril de 1909, e falecido em Verona (It\u00e1lia), em 27 de janeiro de 1994.<\/p>\n<p>&#8211; Luigi Maria Raineri, cl\u00e9rigo professo da Congrega\u00e7\u00e3o dos Cl\u00e9rigos Regulares de S\u00e3o Paulo, Barnabitas; nascido em Turim (It\u00e1lia), em 19 de novembro de 1895, e falecido em Crespano (It\u00e1lia), em 24 de novembro de 1918.<\/p>\n<p>&#8211; Rafaella della Passione, cujo nome de Batismo era Rafaela Veintemilla Villacis, fundadora da Congrega\u00e7\u00e3o das Agostinianas Filhas do Sant\u00edssimo Salvador; nascida em Quito (Equador), em 22 de mar\u00e7o de 1836, e falecida em Lima (Peru), em 25 de novembro de 1918.<\/p>\n<p>&#8211; Maria Antonia de Jesus, cujo nome de Batismo era Maria Antonia Andrade Pereira, monja professa da Ordem das Carmelitas Descal\u00e7as; nascida em El Penedo (Espanha), em 5 de outubro de 1700, e falecida em Santiago de Compostela (Espanha), em 10 de mar\u00e7o de 1760.<\/p>\n<p>&#8211; Arcangela Badosa Cuatrecasas, monja professa da Congrega\u00e7\u00e3o das Irm\u00e3s da Beata Virgem Maria do Monte Carmelo; Nascida em Sant Joan les Fonts (Espanha), em 16 de junho de 1878, e falecida em Elda (Espanha), em 27 de novembro de 1918.<\/p>\n<p>&#8211; Maria Addolorata del Sacro Costato, cujo nome de Batismo era Maria Luciani, monja professa da Congrega\u00e7\u00e3o das Irm\u00e3s da Paix\u00e3o de Jesus Cristo; nascida em Montegranaro (It\u00e1lia), em 2 de maio de 1920, e falecida em Teramo (It\u00e1lia), em 23 de julho de 1954.<\/p>\n<p>&#8211; Lodovico Coccapani, leigo da Ordem Franciscana Secular; nascido em Calcinaia (It\u00e1lia), em 23 de junho de 1849, e falecido em 14 de novembro de 1931.<\/p>\n<p>O Pont\u00edfice autorizou ainda \u00e0 Congrega\u00e7\u00e3o para as Causas dos Santos o decreto sobre as virtudes heroicas e a confirma\u00e7\u00e3o do culto h\u00e1 tempo imemor\u00e1vel, o que implica a beatifica\u00e7\u00e3o equipolente do Servo de Deus Micha? Giedroj?, leigo professo da Ordem de Santo Agostinho; nascido em Giedrojce (Litu\u00e2nia), por volta do ano 1420, e falecido em Crac\u00f3via (Pol\u00f4nia), em 4 de maio de 1485.<\/p>\n<p>Fonte: Gaudium Press<\/p>\n","protected":false},"excerpt":{"rendered":"<p>O Papa Francisco assinou, na \u00faltima quarta-feira, 7, 24 decretos da Congrega\u00e7\u00e3o para as Causas dos Santos atrav\u00e9s do qual autoriza a proclama\u00e7\u00e3o de 13 novos Beatos, entre os quais 11 m\u00e1rtires e 10 novos servos de Deus. Os decretos reconhecem os milagres atribu\u00eddos: \u00e0 intercess\u00e3o da Vener\u00e1vel Serva de Deus Edvige Carboni, leiga nascida&nbsp;<\/p>\n<p><a class=\"btn btn-style\" href=\"http:\/\/portalcatolico.net\/portal\/igreja-catolica-proclamara-13-novos-beatos\/\">Continue Reading<\/a><\/p>\n","protected":false},"author":2,"featured_media":61397,"comment_status":"open","ping_status":"open","sticky":false,"template":"","format":"standard","meta":{"footnotes":""},"categories":[5],"tags":[],"class_list":["post-61396","post","type-post","status-publish","format-standard","has-post-thumbnail","hentry","category-igreja_no_mundo"],"_links":{"self":[{"href":"http:\/\/portalcatolico.net\/portal\/wp-json\/wp\/v2\/posts\/61396","targetHints":{"allow":["GET"]}}],"collection":[{"href":"http:\/\/portalcatolico.net\/portal\/wp-json\/wp\/v2\/posts"}],"about":[{"href":"http:\/\/portalcatolico.net\/portal\/wp-json\/wp\/v2\/types\/post"}],"author":[{"embeddable":true,"href":"http:\/\/portalcatolico.net\/portal\/wp-json\/wp\/v2\/users\/2"}],"replies":[{"embeddable":true,"href":"http:\/\/portalcatolico.net\/portal\/wp-json\/wp\/v2\/comments?post=61396"}],"version-history":[{"count":1,"href":"http:\/\/portalcatolico.net\/portal\/wp-json\/wp\/v2\/posts\/61396\/revisions"}],"predecessor-version":[{"id":61398,"href":"http:\/\/portalcatolico.net\/portal\/wp-json\/wp\/v2\/posts\/61396\/revisions\/61398"}],"wp:featuredmedia":[{"embeddable":true,"href":"http:\/\/portalcatolico.net\/portal\/wp-json\/wp\/v2\/media\/61397"}],"wp:attachment":[{"href":"http:\/\/portalcatolico.net\/portal\/wp-json\/wp\/v2\/media?parent=61396"}],"wp:term":[{"taxonomy":"category","embeddable":true,"href":"http:\/\/portalcatolico.net\/portal\/wp-json\/wp\/v2\/categories?post=61396"},{"taxonomy":"post_tag","embeddable":true,"href":"http:\/\/portalcatolico.net\/portal\/wp-json\/wp\/v2\/tags?post=61396"}],"curies":[{"name":"wp","href":"https:\/\/api.w.org\/{rel}","templated":true}]}}