{"id":61381,"date":"2018-11-07T22:35:34","date_gmt":"2018-11-08T01:35:34","guid":{"rendered":"https:\/\/portalcatolico.net\/portal\/?p=61381"},"modified":"2018-11-07T23:02:27","modified_gmt":"2018-11-08T02:02:27","slug":"diocese-de-itabuna-anuncia-transferencias-e-despedidas-de-padres","status":"publish","type":"post","link":"http:\/\/portalcatolico.net\/portal\/diocese-de-itabuna-anuncia-transferencias-e-despedidas-de-padres\/","title":{"rendered":"Diocese de Itabuna anuncia transfer\u00eancias e despedidas de padres"},"content":{"rendered":"<p style=\"font-weight: 400;\">O Padre Jos\u00e9 Roque Alves de Oliveira se despede da Diocese de&nbsp;Itabuna no dia 19 de novembro, e dia 02 de dezembro, o sacerdote se&nbsp;apresenta na Diocese de Serrinha, no Rec\u00f4ncavo Baiano.<\/p>\n<p style=\"font-weight: 400;\">Em entrevista ao Portal Cat\u00f3lico, Padre Roque&nbsp;&nbsp;revelou o desejo de ir para Serrinha j\u00e1 que sua fam\u00edlia reside l\u00e1. &#8220;Essa minha hist\u00f3ria tem 4 anos. Anos de muita ora\u00e7\u00e3o, de pedido de fam\u00edlia. Depois desses anos, em janeiro, eu resolvi tomar uma decis\u00e3o: fiz uma carta, entreguei ao Bispo da minha cidade (Serrinha), pedindo que ele me aceitasse. Em setembro, eu entreguei uma carta pedindo para eu me desvincular da Diocese, o Bispo leu essa carta no Conselho e no ano passado ele me chamou e agendou o dia 19 de novembro para eu deixar a par\u00f3quia. Vou ter duas semanas de f\u00e9rias e no dia 2 de dezembro me apresento em Serrinha&#8221;.<\/p>\n<p style=\"font-weight: 400;\">Dom Carlos Alberto falou sobre a transfer\u00eancia de Padre Roque: &#8220;J\u00e1 tem algum tempo que Padre Roque vem pedindo para fazer uma experi\u00eancia na sua diocese de origem, visto que os seus familiares est\u00e3o precisando. Ent\u00e3o, ele tamb\u00e9m j\u00e1 conversou com o Bispo de Serrinha, o mesmo j\u00e1 mandou uma carta dizendo que aceita o Padre Roque l\u00e1 e n\u00f3s tamb\u00e9m aceitamos, diante do conselho presbiteral&#8221;, disse Dom Carlos.<\/p>\n<p style=\"font-weight: 400;\">Padre Roque&nbsp;Alves ,nascido em 25\/11\/1958, foi ordenado padre em 20\/09\/1992.<br \/>\nCom mais de 59 anos de idade, h\u00e1 28, ele se dedica ao trabalho padre e di\u00e1cono, na Diocese de Itabuna, no sul da Bahia. Ele j\u00e1 atuou em diversas par\u00f3quias como: Par\u00f3quia Santo Ant\u00f4nio&nbsp;(Itoror\u00f3),Par\u00f3quia Santa Maria Madalena (Itabuna), Par\u00f3quia Senhora&nbsp;Santana (Buerarema),Par\u00f3quia Santo Ant\u00f4nio (Itaju do Col\u00f4nia),Par\u00f3quia de Bom Jesus&nbsp;(Itap\u00e9),e atualmente estava na par\u00f3quia Senhor do Bonfim, na cidade de&nbsp;(Jussari).<\/p>\n<p style=\"font-weight: 400;\"><strong>&nbsp; &nbsp; &nbsp; &nbsp; &nbsp; &nbsp; &nbsp; &nbsp; &nbsp; &nbsp; &nbsp; &nbsp; &nbsp; &nbsp; &nbsp; &nbsp; &nbsp; &nbsp; &nbsp; &nbsp; &nbsp; &nbsp; &nbsp; &nbsp; &nbsp; &nbsp; &nbsp; &nbsp; &nbsp; &nbsp; &nbsp; &nbsp; &nbsp; &nbsp; &nbsp; &nbsp; Mudan\u00e7as nas par\u00f3quias<\/strong><\/p>\n<p style=\"font-weight: 400;\">Vale ressaltar que Dom Carlos Alberto, bispo da diocese de Itabuna, &nbsp;j\u00e1 tinha anunciado que haveriam algumas transfer\u00eancias, uma delas &nbsp;No m\u00eas de outubro e neste m\u00eas com a posse do Pe. Adilson Santana e o&nbsp;Pe. Roberto (conhecido como padre Beto) na Par\u00f3quia Santa Maria Goretti&nbsp;em Itabuna.<br \/>\nPadre Hugo de Fosses Juscelino, da Par\u00f3quia Santo Ant\u00f4nio na cidade de&nbsp;Itaju do Col\u00f4nia, ser\u00e1 transferido&nbsp; para a Par\u00f3quia s\u00e3o Boaventura de&nbsp;Canavieiras, para &nbsp;assumir a fun\u00e7\u00e3o de vig\u00e1rio paroquial no in\u00edcio de&nbsp;dezembro. Para o lugar de Pe. Hugo, &nbsp;o&nbsp; Padre Jos\u00e9 Nunes da cidade de&nbsp;Firmino Alves vai assumir a Par\u00f3quia de Ant\u00f4nio de Itaju do Col\u00f4nia. Em&nbsp;breve, chegar\u00e1 outro padre na diocese, para assumir a par\u00f3quia (em fevereiro de 2019).<br \/>\nEm 16 de&nbsp;novembro, \u00e0s 19h, o Padre Anderson tomar\u00e1 posse na Par\u00f3quia Santa Luzia, para que o Padre Marcos Roberto possa estudar.<\/p>\n<p style=\"font-weight: 400;\">Na Par\u00f3quia S\u00e3o Sebasti\u00e3o assume como Vig\u00e1rio&nbsp; Paroquial, o Padre Pio Dantas&nbsp;da cidade de Mascote. O p\u00e1roco ainda n\u00e3o foi divulgado.Os padres Valdeni Neris e Manoel Cardoso da Par\u00f3quia S\u00e3o Sebasti\u00e3o de&nbsp; Camacan ser\u00e3o transferidos. Padre Manoel Cardoso ser\u00e1&nbsp; transferido para&nbsp;a Diocese de Ilh\u00e9us (Banco da Vit\u00f3ria) e o Padre Valdeni Neris ir\u00e1 para&nbsp;S\u00e3o Paulo em Janeiro de 2019.&nbsp;<\/p>\n<p>Foto:Acervo\/Portal Cat\u00f3lico.Net<\/p>\n","protected":false},"excerpt":{"rendered":"<p>O Padre Jos\u00e9 Roque Alves de Oliveira se despede da Diocese de&nbsp;Itabuna no dia 19 de novembro, e dia 02 de dezembro, o sacerdote se&nbsp;apresenta na Diocese de Serrinha, no Rec\u00f4ncavo Baiano. Em entrevista ao Portal Cat\u00f3lico, Padre Roque&nbsp;&nbsp;revelou o desejo de ir para Serrinha j\u00e1 que sua fam\u00edlia reside l\u00e1. &#8220;Essa minha hist\u00f3ria tem&nbsp;<\/p>\n<p><a class=\"btn btn-style\" href=\"http:\/\/portalcatolico.net\/portal\/diocese-de-itabuna-anuncia-transferencias-e-despedidas-de-padres\/\">Continue Reading<\/a><\/p>\n","protected":false},"author":2,"featured_media":61382,"comment_status":"open","ping_status":"open","sticky":false,"template":"","format":"standard","meta":{"footnotes":""},"categories":[65],"tags":[],"class_list":["post-61381","post","type-post","status-publish","format-standard","has-post-thumbnail","hentry","category-entrevistas"],"_links":{"self":[{"href":"http:\/\/portalcatolico.net\/portal\/wp-json\/wp\/v2\/posts\/61381","targetHints":{"allow":["GET"]}}],"collection":[{"href":"http:\/\/portalcatolico.net\/portal\/wp-json\/wp\/v2\/posts"}],"about":[{"href":"http:\/\/portalcatolico.net\/portal\/wp-json\/wp\/v2\/types\/post"}],"author":[{"embeddable":true,"href":"http:\/\/portalcatolico.net\/portal\/wp-json\/wp\/v2\/users\/2"}],"replies":[{"embeddable":true,"href":"http:\/\/portalcatolico.net\/portal\/wp-json\/wp\/v2\/comments?post=61381"}],"version-history":[{"count":3,"href":"http:\/\/portalcatolico.net\/portal\/wp-json\/wp\/v2\/posts\/61381\/revisions"}],"predecessor-version":[{"id":61385,"href":"http:\/\/portalcatolico.net\/portal\/wp-json\/wp\/v2\/posts\/61381\/revisions\/61385"}],"wp:featuredmedia":[{"embeddable":true,"href":"http:\/\/portalcatolico.net\/portal\/wp-json\/wp\/v2\/media\/61382"}],"wp:attachment":[{"href":"http:\/\/portalcatolico.net\/portal\/wp-json\/wp\/v2\/media?parent=61381"}],"wp:term":[{"taxonomy":"category","embeddable":true,"href":"http:\/\/portalcatolico.net\/portal\/wp-json\/wp\/v2\/categories?post=61381"},{"taxonomy":"post_tag","embeddable":true,"href":"http:\/\/portalcatolico.net\/portal\/wp-json\/wp\/v2\/tags?post=61381"}],"curies":[{"name":"wp","href":"https:\/\/api.w.org\/{rel}","templated":true}]}}