{"id":61359,"date":"2018-11-07T06:11:25","date_gmt":"2018-11-07T09:11:25","guid":{"rendered":"https:\/\/portalcatolico.net\/portal\/?p=61359"},"modified":"2018-11-07T06:34:33","modified_gmt":"2018-11-07T09:34:33","slug":"participe-da-festa-de-sao-francisco-na-fazenda-da-esperanca-em-ilheus","status":"publish","type":"post","link":"http:\/\/portalcatolico.net\/portal\/participe-da-festa-de-sao-francisco-na-fazenda-da-esperanca-em-ilheus\/","title":{"rendered":"Participe da Festa de S\u00e3o Francisco na Fazenda da Esperan\u00e7a em Ilh\u00e9us!"},"content":{"rendered":"<p style=\"font-weight: 400;\"><img loading=\"lazy\" decoding=\"async\" class=\" wp-image-61361 alignleft\" src=\"https:\/\/portalcatolico.net\/portal\/wp-content\/uploads\/2018\/11\/IMG-20161101-WA0006-768x576-300x225.jpg\" alt=\"\" width=\"248\" height=\"186\" srcset=\"http:\/\/portalcatolico.net\/portal\/wp-content\/uploads\/2018\/11\/IMG-20161101-WA0006-768x576-300x225.jpg 300w, http:\/\/portalcatolico.net\/portal\/wp-content\/uploads\/2018\/11\/IMG-20161101-WA0006-768x576.jpg 768w\" sizes=\"auto, (max-width: 248px) 100vw, 248px\" \/>De 30 de novembro a 02 de dezembro acontecer\u00e1 a Festa de S\u00e3o Francisco&nbsp;na Fazenda da Esperan\u00e7a S\u00e3o Jorge em Ilh\u00e9us (BA). O evento ser\u00e1 composto de: Encontro da Fam\u00edlia da&nbsp;Esperan\u00e7a, testemunhos, feijoada, inaugura\u00e7\u00e3o da Casa de acolhimento e&nbsp;celebra\u00e7\u00e3o com os Passos da Fam\u00edlia da Esperan\u00e7a.<\/p>\n<p style=\"font-weight: 400;\">A Festa come\u00e7ar\u00e1 \u00e0s 9h. O valor da feijoada \u00e9 10 reais. Para quem tiver interesse de ficar hospedado na Fazenda, o valor da hospedagem para os tr\u00eas dias \u00e9 100 reais. Vale ressaltar que toda a renda&nbsp;ser\u00e1 em prol da Fazenda da Esperan\u00e7a S\u00e3o Jorge.&nbsp;<\/p>\n<p style=\"font-weight: 400;\"><strong>&nbsp; &nbsp; &nbsp; &nbsp; &nbsp; &nbsp; &nbsp; &nbsp; &nbsp; &nbsp; &nbsp; &nbsp; &nbsp; &nbsp; &nbsp; &nbsp; Conhe\u00e7a a hist\u00f3ria da Fazenda da Esperan\u00e7a<\/strong><\/p>\n<p style=\"font-weight: 400;\">A Festa de S\u00e3o Francisco \u00e9 uma tradi\u00e7\u00e3o&nbsp; das Irm\u00e3s Franciscanas de&nbsp;Sissen na Alemanha, desde de 1976, elas abriu&nbsp; as portas do convento a&nbsp;fim de receber a juventude para apresenta\u00e7\u00e3o de teatro, dan\u00e7a, entre&nbsp;<br \/>\noutros. O Frei Hans, fundador da Fazenda da Esperan\u00e7a em 1996,&nbsp;experimentou e realizou a primeira Festa de S\u00e3o Francisco em&nbsp;Guaratinguet\u00e1, interior de S\u00e3o Paulo. Por isso, ficou decidido&nbsp; que cada&nbsp;Fazenda realizaria a festa em sua regi\u00e3o.<\/p>\n<p style=\"font-weight: 400;\">A Fazenda da&nbsp;Esperan\u00e7a \u00e9 uma comunidade terap\u00eautica com mais de 30 anos de&nbsp;experi\u00eancia na recupera\u00e7\u00e3o de jovens dependentes qu\u00edmicos. Avaliada como&nbsp;a maior obra da Am\u00e9rica Latina desenvolvendo essa atividade e ajudando&nbsp;milhares de fam\u00edlias, atualmente se encontra em 15 pa\u00edses do ocidente ao&nbsp;oriente.<\/p>\n<p style=\"font-weight: 400;\">No Ano Jubilar da Miseric\u00f3rdia, a Diocese de Ilh\u00e9us&nbsp;teve como gesto concreto da miseric\u00f3rdia, a implanta\u00e7\u00e3o da Fazenda da&nbsp;Esperan\u00e7a no munic\u00edpio de Ilh\u00e9us, situada na Vila de Coutos, na Rodovia&nbsp;Ilh\u00e9us-Buerarema, KM 05, logo ap\u00f3s a Caixa d&#8217;\u00e1gua.<br \/>\nA inaugura\u00e7\u00e3o da Fazenda da Esperan\u00e7a S\u00e3o Jorge aconteceu no dia 04 de&nbsp;dezembro de 2016, \u00e0s 9h, com celebra\u00e7\u00e3o lit\u00fargica e foi presidida pelo&nbsp;bispo da diocese de Ilh\u00e9us, Dom Mauro Montagnoli, que aben\u00e7oou o local.&nbsp;<\/p>\n<p style=\"font-weight: 400;\">Para outras informa\u00e7\u00f5es e reservas, entre em contato pelo telefone: (73) 9 9968-0090.<\/p>\n<p>Fotos:Fazenda da Esperan\u00e7a&nbsp;<\/p>\n<p style=\"font-weight: 400;\">&nbsp;<\/p>\n","protected":false},"excerpt":{"rendered":"<p>De 30 de novembro a 02 de dezembro acontecer\u00e1 a Festa de S\u00e3o Francisco&nbsp;na Fazenda da Esperan\u00e7a S\u00e3o Jorge em Ilh\u00e9us (BA). O evento ser\u00e1 composto de: Encontro da Fam\u00edlia da&nbsp;Esperan\u00e7a, testemunhos, feijoada, inaugura\u00e7\u00e3o da Casa de acolhimento e&nbsp;celebra\u00e7\u00e3o com os Passos da Fam\u00edlia da Esperan\u00e7a. A Festa come\u00e7ar\u00e1 \u00e0s 9h. O valor da feijoada&nbsp;<\/p>\n<p><a class=\"btn btn-style\" href=\"http:\/\/portalcatolico.net\/portal\/participe-da-festa-de-sao-francisco-na-fazenda-da-esperanca-em-ilheus\/\">Continue Reading<\/a><\/p>\n","protected":false},"author":2,"featured_media":61360,"comment_status":"open","ping_status":"open","sticky":false,"template":"","format":"standard","meta":{"footnotes":""},"categories":[4],"tags":[],"class_list":["post-61359","post","type-post","status-publish","format-standard","has-post-thumbnail","hentry","category-destaques"],"_links":{"self":[{"href":"http:\/\/portalcatolico.net\/portal\/wp-json\/wp\/v2\/posts\/61359","targetHints":{"allow":["GET"]}}],"collection":[{"href":"http:\/\/portalcatolico.net\/portal\/wp-json\/wp\/v2\/posts"}],"about":[{"href":"http:\/\/portalcatolico.net\/portal\/wp-json\/wp\/v2\/types\/post"}],"author":[{"embeddable":true,"href":"http:\/\/portalcatolico.net\/portal\/wp-json\/wp\/v2\/users\/2"}],"replies":[{"embeddable":true,"href":"http:\/\/portalcatolico.net\/portal\/wp-json\/wp\/v2\/comments?post=61359"}],"version-history":[{"count":1,"href":"http:\/\/portalcatolico.net\/portal\/wp-json\/wp\/v2\/posts\/61359\/revisions"}],"predecessor-version":[{"id":61362,"href":"http:\/\/portalcatolico.net\/portal\/wp-json\/wp\/v2\/posts\/61359\/revisions\/61362"}],"wp:featuredmedia":[{"embeddable":true,"href":"http:\/\/portalcatolico.net\/portal\/wp-json\/wp\/v2\/media\/61360"}],"wp:attachment":[{"href":"http:\/\/portalcatolico.net\/portal\/wp-json\/wp\/v2\/media?parent=61359"}],"wp:term":[{"taxonomy":"category","embeddable":true,"href":"http:\/\/portalcatolico.net\/portal\/wp-json\/wp\/v2\/categories?post=61359"},{"taxonomy":"post_tag","embeddable":true,"href":"http:\/\/portalcatolico.net\/portal\/wp-json\/wp\/v2\/tags?post=61359"}],"curies":[{"name":"wp","href":"https:\/\/api.w.org\/{rel}","templated":true}]}}