{"id":61356,"date":"2018-11-07T06:01:18","date_gmt":"2018-11-07T09:01:18","guid":{"rendered":"https:\/\/portalcatolico.net\/portal\/?p=61356"},"modified":"2018-11-07T06:33:24","modified_gmt":"2018-11-07T09:33:24","slug":"vem-ai-o-18o-acampamento-em-camacan","status":"publish","type":"post","link":"http:\/\/portalcatolico.net\/portal\/vem-ai-o-18o-acampamento-em-camacan\/","title":{"rendered":"Vem a\u00ed o 18\u00ba Acampamento em Camacan"},"content":{"rendered":"<div dir=\"auto\">Acontecer\u00e1 nos dias 17 e 18 de novembro em Camacan (BA), o 18\u00ba Acampamento no Col\u00e9gio Municipal Luciano Santana, com o tema: &#8220;Eis que estou \u00e0 porta e bato.&#8221;.&nbsp;<\/div>\n<div dir=\"auto\">O evento contar\u00e1 com a participa\u00e7\u00e3o dos&nbsp; padres Valdeni Neris, (p\u00e1roco&nbsp; da Igreja Matriz de S\u00e3o Sebasti\u00e3o na cidade de Camacan) e o vig\u00e1rio paroquial, o padre Manoel Cardoso.&nbsp;<\/div>\n<div dir=\"auto\">O evento tem como Pregador oficial, o Eduardo Oliveira, servo da Comunidade Filhos de S\u00e3o Jo\u00e3o Batista.<\/div>\n<div dir=\"auto\">As inscri\u00e7\u00f5es custam apenas 15 reais e mais 1kg de alimento n\u00e3o perec\u00edvel.&nbsp;<\/div>\n<div dir=\"auto\">No s\u00e1bado, durante a programa\u00e7\u00e3o \u00e0 noite, vai ser realizado o 5\u00b0 Festival de M\u00fasica Cat\u00f3lica. Para maiores informa\u00e7\u00f5es, basta entrar em contato atrav\u00e9s dos telefones: (73) 3283- 1207 (secretaria da par\u00f3quia) 9 9147-4867\/9 8150-8190.&nbsp;<\/div>\n<div dir=\"auto\">A realiza\u00e7\u00e3o do evento \u00e9 da Par\u00f3quia S\u00e3o Sebasti\u00e3o e a organiza\u00e7\u00e3o da Renova\u00e7\u00e3o Carism\u00e1tica Cat\u00f3lica &#8220;RCC&#8221; com&nbsp; o apoio de outras pastorais e movimentos.<\/div>\n","protected":false},"excerpt":{"rendered":"<p>Acontecer\u00e1 nos dias 17 e 18 de novembro em Camacan (BA), o 18\u00ba Acampamento no Col\u00e9gio Municipal Luciano Santana, com o tema: &#8220;Eis que estou \u00e0 porta e bato.&#8221;.&nbsp; O evento contar\u00e1 com a participa\u00e7\u00e3o dos&nbsp; padres Valdeni Neris, (p\u00e1roco&nbsp; da Igreja Matriz de S\u00e3o Sebasti\u00e3o na cidade de Camacan) e o vig\u00e1rio paroquial, o&nbsp;<\/p>\n<p><a class=\"btn btn-style\" href=\"http:\/\/portalcatolico.net\/portal\/vem-ai-o-18o-acampamento-em-camacan\/\">Continue Reading<\/a><\/p>\n","protected":false},"author":2,"featured_media":61357,"comment_status":"open","ping_status":"open","sticky":false,"template":"","format":"standard","meta":{"footnotes":""},"categories":[1],"tags":[],"class_list":["post-61356","post","type-post","status-publish","format-standard","has-post-thumbnail","hentry","category-agenda"],"_links":{"self":[{"href":"http:\/\/portalcatolico.net\/portal\/wp-json\/wp\/v2\/posts\/61356","targetHints":{"allow":["GET"]}}],"collection":[{"href":"http:\/\/portalcatolico.net\/portal\/wp-json\/wp\/v2\/posts"}],"about":[{"href":"http:\/\/portalcatolico.net\/portal\/wp-json\/wp\/v2\/types\/post"}],"author":[{"embeddable":true,"href":"http:\/\/portalcatolico.net\/portal\/wp-json\/wp\/v2\/users\/2"}],"replies":[{"embeddable":true,"href":"http:\/\/portalcatolico.net\/portal\/wp-json\/wp\/v2\/comments?post=61356"}],"version-history":[{"count":6,"href":"http:\/\/portalcatolico.net\/portal\/wp-json\/wp\/v2\/posts\/61356\/revisions"}],"predecessor-version":[{"id":61367,"href":"http:\/\/portalcatolico.net\/portal\/wp-json\/wp\/v2\/posts\/61356\/revisions\/61367"}],"wp:featuredmedia":[{"embeddable":true,"href":"http:\/\/portalcatolico.net\/portal\/wp-json\/wp\/v2\/media\/61357"}],"wp:attachment":[{"href":"http:\/\/portalcatolico.net\/portal\/wp-json\/wp\/v2\/media?parent=61356"}],"wp:term":[{"taxonomy":"category","embeddable":true,"href":"http:\/\/portalcatolico.net\/portal\/wp-json\/wp\/v2\/categories?post=61356"},{"taxonomy":"post_tag","embeddable":true,"href":"http:\/\/portalcatolico.net\/portal\/wp-json\/wp\/v2\/tags?post=61356"}],"curies":[{"name":"wp","href":"https:\/\/api.w.org\/{rel}","templated":true}]}}