{"id":61353,"date":"2018-11-06T19:01:18","date_gmt":"2018-11-06T22:01:18","guid":{"rendered":"https:\/\/portalcatolico.net\/portal\/?p=61353"},"modified":"2018-11-06T19:01:18","modified_gmt":"2018-11-06T22:01:18","slug":"papa-se-emociona-ao-conhecer-projeto-de-navio-hospital-na-amazonia","status":"publish","type":"post","link":"http:\/\/portalcatolico.net\/portal\/papa-se-emociona-ao-conhecer-projeto-de-navio-hospital-na-amazonia\/","title":{"rendered":"Papa se emociona ao conhecer projeto de navio hospital na Amaz\u00f4nia"},"content":{"rendered":"<div class=\"article__subTitle\">Trata-se de um projeto \u201cousado\u201d que vai percorrer mil quil\u00f4metros do Estado do Par\u00e1, oferecendo atendimento m\u00e9dico a mil comunidades ribeirinhas e 12 munic\u00edpios, num total de cerca de 700 mil pessoas.<\/div>\n<div class=\"article__text\">\n<p>O Papa Francisco se emocionou esta manh\u00e3 ao receber em audi\u00eancia o Bispo do \u00d3bidos, Dom Bernardo Bahlmann, que apresentou ao Pont\u00edfice o projeto \u201cBarco\/Navio Hospital Papa Francisco\u201d.<\/p>\n<p>Trata-se de um projeto \u201cousado\u201d &#8211; como definiu o bispo alem\u00e3o -, que vai percorrer mil quil\u00f4metros do Estado do Par\u00e1, oferecendo atendimento m\u00e9dico a mil comunidades ribeirinhas e 12 munic\u00edpios, num total de cerca de 700 mil pessoas. Na audi\u00eancia, foram apresentados ao Pont\u00edfice um v\u00eddeo de cinco minutos e uma maquete do projeto.<\/p>\n<p>Em entrevista ao Vatican News, Dom Bernardo afirmou que o Papa ficou \u201cfeliz e comovido\u201d e saudou os povos da Amaz\u00f4nia:<\/p>\n<p>O projeto foi solicitado pelo pr\u00f3prio Pont\u00edfice quando visitou o Hospital administrado pela Fraternidade S\u00e3o Francisco de Assis na Provid\u00eancia de Deus no Rio de Janeiro, por ocasi\u00e3o da Jornada Mundial da Juventude de 2013. Foi ent\u00e3o que o Papa perguntou ao Frei Francisco Belotti se eles estavam presentes na Amaz\u00f4nia, encorajando um projeto naquela regi\u00e3o.<\/p>\n<p>A finalidade \u00e9 levar sa\u00fade \u00e0s comunidades ribeirinhas na regi\u00e3o amaz\u00f4nica e atuar na preven\u00e7\u00e3o do c\u00e2ncer, com a realiza\u00e7\u00e3o de exames e triagem para pesquisas em parceria com as Universidades nas patologias de maior incid\u00eancia na regi\u00e3o.<\/p>\n<p>Frei Francisco tamb\u00e9m estava na audi\u00eancia com o Papa e falou de como nasceu o projeto. As pausas na entrevista revelam a sua emo\u00e7\u00e3o:<\/p>\n<p><b>Por Bianca Fraccalvieri<\/b><\/p>\n<p>A sauda\u00e7\u00e3o do Papa aos povos da Amaz\u00f4nia<\/p>\n<p><iframe loading=\"lazy\"  id=\"_ytid_26496\"  width=\"480\" height=\"270\"  data-origwidth=\"480\" data-origheight=\"270\" src=\"https:\/\/www.youtube.com\/embed\/lf_iR_fBPEY?enablejsapi=1&#038;autoplay=0&#038;cc_load_policy=0&#038;cc_lang_pref=&#038;iv_load_policy=1&#038;loop=0&#038;rel=1&#038;fs=1&#038;playsinline=0&#038;autohide=2&#038;theme=dark&#038;color=red&#038;controls=1&#038;disablekb=0&#038;\" class=\"__youtube_prefs__  epyt-is-override  no-lazyload\" title=\"YouTube player\"  allow=\"fullscreen; accelerometer; autoplay; clipboard-write; encrypted-media; gyroscope; picture-in-picture; web-share\" referrerpolicy=\"strict-origin-when-cross-origin\" allowfullscreen data-no-lazy=\"1\" data-skipgform_ajax_framebjll=\"\"><\/iframe><\/p>\n<p>Fonte: Vatican News<\/p>\n<\/div>\n","protected":false},"excerpt":{"rendered":"<p>Trata-se de um projeto \u201cousado\u201d que vai percorrer mil quil\u00f4metros do Estado do Par\u00e1, oferecendo atendimento m\u00e9dico a mil comunidades ribeirinhas e 12 munic\u00edpios, num total de cerca de 700 mil pessoas. O Papa Francisco se emocionou esta manh\u00e3 ao receber em audi\u00eancia o Bispo do \u00d3bidos, Dom Bernardo Bahlmann, que apresentou ao Pont\u00edfice o&nbsp;<\/p>\n<p><a class=\"btn btn-style\" href=\"http:\/\/portalcatolico.net\/portal\/papa-se-emociona-ao-conhecer-projeto-de-navio-hospital-na-amazonia\/\">Continue Reading<\/a><\/p>\n","protected":false},"author":2,"featured_media":61354,"comment_status":"open","ping_status":"open","sticky":false,"template":"","format":"standard","meta":{"footnotes":""},"categories":[5],"tags":[],"class_list":["post-61353","post","type-post","status-publish","format-standard","has-post-thumbnail","hentry","category-igreja_no_mundo"],"_links":{"self":[{"href":"http:\/\/portalcatolico.net\/portal\/wp-json\/wp\/v2\/posts\/61353","targetHints":{"allow":["GET"]}}],"collection":[{"href":"http:\/\/portalcatolico.net\/portal\/wp-json\/wp\/v2\/posts"}],"about":[{"href":"http:\/\/portalcatolico.net\/portal\/wp-json\/wp\/v2\/types\/post"}],"author":[{"embeddable":true,"href":"http:\/\/portalcatolico.net\/portal\/wp-json\/wp\/v2\/users\/2"}],"replies":[{"embeddable":true,"href":"http:\/\/portalcatolico.net\/portal\/wp-json\/wp\/v2\/comments?post=61353"}],"version-history":[{"count":1,"href":"http:\/\/portalcatolico.net\/portal\/wp-json\/wp\/v2\/posts\/61353\/revisions"}],"predecessor-version":[{"id":61355,"href":"http:\/\/portalcatolico.net\/portal\/wp-json\/wp\/v2\/posts\/61353\/revisions\/61355"}],"wp:featuredmedia":[{"embeddable":true,"href":"http:\/\/portalcatolico.net\/portal\/wp-json\/wp\/v2\/media\/61354"}],"wp:attachment":[{"href":"http:\/\/portalcatolico.net\/portal\/wp-json\/wp\/v2\/media?parent=61353"}],"wp:term":[{"taxonomy":"category","embeddable":true,"href":"http:\/\/portalcatolico.net\/portal\/wp-json\/wp\/v2\/categories?post=61353"},{"taxonomy":"post_tag","embeddable":true,"href":"http:\/\/portalcatolico.net\/portal\/wp-json\/wp\/v2\/tags?post=61353"}],"curies":[{"name":"wp","href":"https:\/\/api.w.org\/{rel}","templated":true}]}}