{"id":61350,"date":"2018-11-06T18:54:04","date_gmt":"2018-11-06T21:54:04","guid":{"rendered":"https:\/\/portalcatolico.net\/portal\/?p=61350"},"modified":"2018-11-06T18:54:04","modified_gmt":"2018-11-06T21:54:04","slug":"convite-missa-de-posse-canonica-do-padre-anderson-em-pau-brasil","status":"publish","type":"post","link":"http:\/\/portalcatolico.net\/portal\/convite-missa-de-posse-canonica-do-padre-anderson-em-pau-brasil\/","title":{"rendered":"Convite: Missa de posse can\u00f4nica do padre Anderson em Pau Brasil"},"content":{"rendered":"<p>A Par\u00f3quia de Santa Luzia, na cidade de Pau Brasil (BA), tem a honra de&nbsp;convidar todas as fam\u00edlias cat\u00f3licas para participar da Celebra\u00e7\u00e3o&nbsp;Eucar\u00edstica na qual se dar\u00e1 a cerim\u00f4nia de posse e acolhida de seu novo&nbsp;p\u00e1roco, o padre Anderson Rodrigues Henrique, Sac, no dia 16 de novembro de&nbsp; 2018, \u00e0s 19h, na Igreja Matriz de Santa Luzia.<\/p>\n","protected":false},"excerpt":{"rendered":"<p>A Par\u00f3quia de Santa Luzia, na cidade de Pau Brasil (BA), tem a honra de&nbsp;convidar todas as fam\u00edlias cat\u00f3licas para participar da Celebra\u00e7\u00e3o&nbsp;Eucar\u00edstica na qual se dar\u00e1 a cerim\u00f4nia de posse e acolhida de seu novo&nbsp;p\u00e1roco, o padre Anderson Rodrigues Henrique, Sac, no dia 16 de novembro de&nbsp; 2018, \u00e0s 19h, na Igreja Matriz de&nbsp;<\/p>\n<p><a class=\"btn btn-style\" href=\"http:\/\/portalcatolico.net\/portal\/convite-missa-de-posse-canonica-do-padre-anderson-em-pau-brasil\/\">Continue Reading<\/a><\/p>\n","protected":false},"author":2,"featured_media":61351,"comment_status":"open","ping_status":"open","sticky":false,"template":"","format":"standard","meta":{"footnotes":""},"categories":[1],"tags":[],"class_list":["post-61350","post","type-post","status-publish","format-standard","has-post-thumbnail","hentry","category-agenda"],"_links":{"self":[{"href":"http:\/\/portalcatolico.net\/portal\/wp-json\/wp\/v2\/posts\/61350","targetHints":{"allow":["GET"]}}],"collection":[{"href":"http:\/\/portalcatolico.net\/portal\/wp-json\/wp\/v2\/posts"}],"about":[{"href":"http:\/\/portalcatolico.net\/portal\/wp-json\/wp\/v2\/types\/post"}],"author":[{"embeddable":true,"href":"http:\/\/portalcatolico.net\/portal\/wp-json\/wp\/v2\/users\/2"}],"replies":[{"embeddable":true,"href":"http:\/\/portalcatolico.net\/portal\/wp-json\/wp\/v2\/comments?post=61350"}],"version-history":[{"count":1,"href":"http:\/\/portalcatolico.net\/portal\/wp-json\/wp\/v2\/posts\/61350\/revisions"}],"predecessor-version":[{"id":61352,"href":"http:\/\/portalcatolico.net\/portal\/wp-json\/wp\/v2\/posts\/61350\/revisions\/61352"}],"wp:featuredmedia":[{"embeddable":true,"href":"http:\/\/portalcatolico.net\/portal\/wp-json\/wp\/v2\/media\/61351"}],"wp:attachment":[{"href":"http:\/\/portalcatolico.net\/portal\/wp-json\/wp\/v2\/media?parent=61350"}],"wp:term":[{"taxonomy":"category","embeddable":true,"href":"http:\/\/portalcatolico.net\/portal\/wp-json\/wp\/v2\/categories?post=61350"},{"taxonomy":"post_tag","embeddable":true,"href":"http:\/\/portalcatolico.net\/portal\/wp-json\/wp\/v2\/tags?post=61350"}],"curies":[{"name":"wp","href":"https:\/\/api.w.org\/{rel}","templated":true}]}}