{"id":61333,"date":"2018-11-06T06:05:50","date_gmt":"2018-11-06T09:05:50","guid":{"rendered":"http:\/\/portalcatolico.net\/portal\/?p=61333"},"modified":"2018-11-06T06:27:13","modified_gmt":"2018-11-06T09:27:13","slug":"comemoracoes-em-homenagem-aos-40-anos-da-diocese-de-itabuna-continuam","status":"publish","type":"post","link":"http:\/\/portalcatolico.net\/portal\/comemoracoes-em-homenagem-aos-40-anos-da-diocese-de-itabuna-continuam\/","title":{"rendered":"Comemora\u00e7\u00f5es em homenagem aos 40 anos da Diocese de Itabuna continuam"},"content":{"rendered":"<p style=\"font-weight: 400;\">A Diocese de Itabuna convida sua fam\u00edlia e todo o povo de Deus para a&nbsp;solene Celebra\u00e7\u00e3o Eucar\u00edstica dos 40 anos de cria\u00e7\u00e3o da Diocese de&nbsp;Itabuna, no sul da Bahia. Todas as 33 par\u00f3quias nos 19 munic\u00edpios est\u00e3o&nbsp;em contagem regressiva.<\/p>\n<p style=\"font-weight: 400;\">A&nbsp; Par\u00f3quia do Senhor Deus Menino de Ibicara\u00ed (BA) iniciou nesta segunda-feira, 05, o Tr\u00edduo em prepara\u00e7\u00e3o para a festa dos 40 anos de&nbsp;cria\u00e7\u00e3o da Diocese de Itabuna.No ultimo s\u00e1bado, (03), a missa de abertura dos festejos de Bodas de&nbsp;Esmeralda da Diocese de Itabuna, foi realizada na Faronia Sul, que&nbsp;<br \/>\ncorresponde a onze par\u00f3quias.&nbsp;&nbsp;A par\u00f3quia anfitri\u00e3 foi a S\u00e3o&nbsp;Boaventura em Canavieiras.Com uma missa presidida pelo Bispo Dom Carlos&nbsp;Alberto e concelebrada por&nbsp; padres e di\u00e1conos diocesanos, deu-se in\u00edcio aos&nbsp;&nbsp;festejos.<\/p>\n<p style=\"font-weight: 400;\">As comemora\u00e7\u00f5es continuam at\u00e9 domingo, dia 11.Concentra\u00e7\u00e3o \u00e1s 15h no jardim do \u00d3 e caminhada para a Avenida Aziz Maron. O encerramento ser\u00e1 com uma solene celebra\u00e7\u00e3o que acontecer\u00e1 na Avenida Aziz&nbsp;Maron,\u00e1s 16h em frente \u00e0 C\u00e2mara de Vereadores de Itabuna (Beira Rio).<br \/>\nNo dia 10,&nbsp;&nbsp;tr\u00eas par\u00f3quias da Faronia Centro&nbsp;em Itabuna montar\u00e3o tr\u00eas tendas,com inicio \u00e1s 15h: Tenda da Juventude ( Par\u00f3quia Santa Maria Goretti), Tenda dos&nbsp;casais (Par\u00f3quia S\u00e3o Jos\u00e9) e Tenda das crian\u00e7as e adolescentes (Par\u00f3quia&nbsp;Santa Rita de C\u00e1ssia) de 15h at\u00e9 \u00e1s 18h.<\/p>\n<p style=\"font-weight: 400;\">Participe!<\/p>\n<p>&nbsp;<\/p>\n<p>&nbsp;<\/p>\n","protected":false},"excerpt":{"rendered":"<p>A Diocese de Itabuna convida sua fam\u00edlia e todo o povo de Deus para a&nbsp;solene Celebra\u00e7\u00e3o Eucar\u00edstica dos 40 anos de cria\u00e7\u00e3o da Diocese de&nbsp;Itabuna, no sul da Bahia. Todas as 33 par\u00f3quias nos 19 munic\u00edpios est\u00e3o&nbsp;em contagem regressiva. A&nbsp; Par\u00f3quia do Senhor Deus Menino de Ibicara\u00ed (BA) iniciou nesta segunda-feira, 05, o Tr\u00edduo em&nbsp;<\/p>\n<p><a class=\"btn btn-style\" href=\"http:\/\/portalcatolico.net\/portal\/comemoracoes-em-homenagem-aos-40-anos-da-diocese-de-itabuna-continuam\/\">Continue Reading<\/a><\/p>\n","protected":false},"author":2,"featured_media":61334,"comment_status":"open","ping_status":"open","sticky":false,"template":"","format":"standard","meta":{"footnotes":""},"categories":[1],"tags":[],"class_list":["post-61333","post","type-post","status-publish","format-standard","has-post-thumbnail","hentry","category-agenda"],"_links":{"self":[{"href":"http:\/\/portalcatolico.net\/portal\/wp-json\/wp\/v2\/posts\/61333","targetHints":{"allow":["GET"]}}],"collection":[{"href":"http:\/\/portalcatolico.net\/portal\/wp-json\/wp\/v2\/posts"}],"about":[{"href":"http:\/\/portalcatolico.net\/portal\/wp-json\/wp\/v2\/types\/post"}],"author":[{"embeddable":true,"href":"http:\/\/portalcatolico.net\/portal\/wp-json\/wp\/v2\/users\/2"}],"replies":[{"embeddable":true,"href":"http:\/\/portalcatolico.net\/portal\/wp-json\/wp\/v2\/comments?post=61333"}],"version-history":[{"count":4,"href":"http:\/\/portalcatolico.net\/portal\/wp-json\/wp\/v2\/posts\/61333\/revisions"}],"predecessor-version":[{"id":61341,"href":"http:\/\/portalcatolico.net\/portal\/wp-json\/wp\/v2\/posts\/61333\/revisions\/61341"}],"wp:featuredmedia":[{"embeddable":true,"href":"http:\/\/portalcatolico.net\/portal\/wp-json\/wp\/v2\/media\/61334"}],"wp:attachment":[{"href":"http:\/\/portalcatolico.net\/portal\/wp-json\/wp\/v2\/media?parent=61333"}],"wp:term":[{"taxonomy":"category","embeddable":true,"href":"http:\/\/portalcatolico.net\/portal\/wp-json\/wp\/v2\/categories?post=61333"},{"taxonomy":"post_tag","embeddable":true,"href":"http:\/\/portalcatolico.net\/portal\/wp-json\/wp\/v2\/tags?post=61333"}],"curies":[{"name":"wp","href":"https:\/\/api.w.org\/{rel}","templated":true}]}}