{"id":61330,"date":"2018-11-05T22:10:33","date_gmt":"2018-11-06T01:10:33","guid":{"rendered":"http:\/\/portalcatolico.net\/portal\/?p=61330"},"modified":"2018-11-05T22:10:33","modified_gmt":"2018-11-06T01:10:33","slug":"parabens-e-obrigado-dom-ceslau","status":"publish","type":"post","link":"http:\/\/portalcatolico.net\/portal\/parabens-e-obrigado-dom-ceslau\/","title":{"rendered":"Parab\u00e9ns e obrigado, Dom Ceslau!"},"content":{"rendered":"<p style=\"font-weight: 400;\">Nesta segunda-feira, 05 de novembro, o bispo em\u00e9rito da Diocese de&nbsp;Itabuna, Dom Ceslau Stanula, comemora seu 29\u00ba anivers\u00e1rio de Ordena\u00e7\u00e3o&nbsp;Episcopal.<br \/>\nDom Ceslau&nbsp; foi pastor da Diocese de Itabuna ,no sul da Bahia, por 20&nbsp;anos. Por isso, \u00e9 com muita alegria que nossa equipe do Portal Cat\u00f3lico&nbsp;de Not\u00edcias cumprimenta&nbsp; a este servo do Senhor pelo anivers\u00e1rio&nbsp;de Ordena\u00e7\u00e3o Episcopal e principalmente por seu trabalho pastoral&nbsp;durante todos esses anos que est\u00e1 \u00e0 frente da Diocese.<\/p>\n<p style=\"font-weight: 400;\">Dom Ceslau Stanula recebeu a ordena\u00e7\u00e3o&nbsp;sacerdotal no dia 19 de julho de 1964. Depois de seis anos de trabalho na Argentina, os superiores o mandaram para o Brasil, onde deu&nbsp; in\u00edcio \u00e0&nbsp;Miss\u00e3o Redentorista da Bahia, em Bom Jesus da Lapa. Ele atuou como Bispo&nbsp;na Diocese de Itabuna&nbsp;&nbsp;de 1997 a 2017.<\/p>\n<p>Foto:Acervo\/Portal Cat\u00f3lico.Net<\/p>\n","protected":false},"excerpt":{"rendered":"<p>Nesta segunda-feira, 05 de novembro, o bispo em\u00e9rito da Diocese de&nbsp;Itabuna, Dom Ceslau Stanula, comemora seu 29\u00ba anivers\u00e1rio de Ordena\u00e7\u00e3o&nbsp;Episcopal. Dom Ceslau&nbsp; foi pastor da Diocese de Itabuna ,no sul da Bahia, por 20&nbsp;anos. Por isso, \u00e9 com muita alegria que nossa equipe do Portal Cat\u00f3lico&nbsp;de Not\u00edcias cumprimenta&nbsp; a este servo do Senhor pelo anivers\u00e1rio&nbsp;de&nbsp;<\/p>\n<p><a class=\"btn btn-style\" href=\"http:\/\/portalcatolico.net\/portal\/parabens-e-obrigado-dom-ceslau\/\">Continue Reading<\/a><\/p>\n","protected":false},"author":2,"featured_media":61331,"comment_status":"open","ping_status":"open","sticky":false,"template":"","format":"standard","meta":{"footnotes":""},"categories":[4],"tags":[],"class_list":["post-61330","post","type-post","status-publish","format-standard","has-post-thumbnail","hentry","category-destaques"],"_links":{"self":[{"href":"http:\/\/portalcatolico.net\/portal\/wp-json\/wp\/v2\/posts\/61330","targetHints":{"allow":["GET"]}}],"collection":[{"href":"http:\/\/portalcatolico.net\/portal\/wp-json\/wp\/v2\/posts"}],"about":[{"href":"http:\/\/portalcatolico.net\/portal\/wp-json\/wp\/v2\/types\/post"}],"author":[{"embeddable":true,"href":"http:\/\/portalcatolico.net\/portal\/wp-json\/wp\/v2\/users\/2"}],"replies":[{"embeddable":true,"href":"http:\/\/portalcatolico.net\/portal\/wp-json\/wp\/v2\/comments?post=61330"}],"version-history":[{"count":1,"href":"http:\/\/portalcatolico.net\/portal\/wp-json\/wp\/v2\/posts\/61330\/revisions"}],"predecessor-version":[{"id":61332,"href":"http:\/\/portalcatolico.net\/portal\/wp-json\/wp\/v2\/posts\/61330\/revisions\/61332"}],"wp:featuredmedia":[{"embeddable":true,"href":"http:\/\/portalcatolico.net\/portal\/wp-json\/wp\/v2\/media\/61331"}],"wp:attachment":[{"href":"http:\/\/portalcatolico.net\/portal\/wp-json\/wp\/v2\/media?parent=61330"}],"wp:term":[{"taxonomy":"category","embeddable":true,"href":"http:\/\/portalcatolico.net\/portal\/wp-json\/wp\/v2\/categories?post=61330"},{"taxonomy":"post_tag","embeddable":true,"href":"http:\/\/portalcatolico.net\/portal\/wp-json\/wp\/v2\/tags?post=61330"}],"curies":[{"name":"wp","href":"https:\/\/api.w.org\/{rel}","templated":true}]}}