{"id":61327,"date":"2018-11-05T21:24:51","date_gmt":"2018-11-06T00:24:51","guid":{"rendered":"http:\/\/portalcatolico.net\/portal\/?p=61327"},"modified":"2018-11-05T21:25:07","modified_gmt":"2018-11-06T00:25:07","slug":"a-sabedoria-dos-ciclos","status":"publish","type":"post","link":"http:\/\/portalcatolico.net\/portal\/a-sabedoria-dos-ciclos\/","title":{"rendered":"A sabedoria dos ciclos"},"content":{"rendered":"<p>A sabedoria dos ciclos ensina, com simplicidade, que a vida se configura a partir de elos que se abrem e se fecham. Importante saber a hora certa para iniciar um ciclo ou fech\u00e1-lo. Administrar de forma equivocada os ciclos da vida resulta em perdas. Paga-se caro pela falta de sabedoria na gest\u00e3o de diferentes fases. Trata-se, obviamente, de um desafiador processo existencial. Por falta dessa sabedoria, trope\u00e7a-se nas escolhas. E a vida \u00e9 feita de escolhas.<\/p>\n<p>Perde-se muito com a incompet\u00eancia para conduzir processos. Os resultados s\u00e3o atropelos e descompassos, gerando preju\u00edzos. Desperdi\u00e7a-se a oportunidade para ganhos que poderiam levar indiv\u00edduos e a sociedade a alcan\u00e7arem metas importantes. Essa incompet\u00eancia em reger processos deriva, em parte, da s\u00edndrome da desconex\u00e3o: a pessoa desconhece qual \u00e9 o seu lugar e a relev\u00e2ncia da sua participa\u00e7\u00e3o em ambientes institucionais, segmentos diversos ou mesmo no contexto mais amplo da sociedade.<\/p>\n<p>As opini\u00f5es s\u00e3o desconexas, indiv\u00edduos se acham os \u201cdonos\u201d da verdade \u2013 pura ilus\u00e3o. &nbsp;Essa s\u00edndrome leva \u00e0 perda da capacidade para discernir e interpretar a realidade. Consequentemente, mistura-se tudo, sem adequada leitura dos cen\u00e1rios sociopol\u00edticos, culturais, religiosos, entre tantos outros. Perde-se a no\u00e7\u00e3o dos ciclos da vida. Saber reconhec\u00ea-los \u00e9 fundamental para identificar e gerir bem as muitas etapas, desde seu in\u00edcio, o desenrolar dos processos, at\u00e9 o momento de sua conclus\u00e3o.<\/p>\n<p>Somente assim pode-se alcan\u00e7ar conquistas, pois a vida, em sua complexidade, \u00e9 muito mais que um conjunto de dados matem\u00e1ticos. Exige sabedoria na articula\u00e7\u00e3o das muitas vari\u00e1veis que definem cada ciclo, produzindo avan\u00e7os e encontrando respostas, recuperando sentidos e reabilitando valores. A sabedoria dos ciclos na composi\u00e7\u00e3o da vida pessoal, familiar, religiosa e pol\u00edtica \u00e9 uma refer\u00eancia civilizat\u00f3ria no tecido de uma sociedade, nas suas pr\u00e1ticas sociais e pol\u00edticas.<\/p>\n<p>A inevit\u00e1vel experi\u00eancia da morte revela uma verdade: os diferentes ciclos da vida, invariavelmente, chegam a um fim. Por isso, \u00e9 preciso urg\u00eancia em gerenci\u00e1-los bem, pois a morte &#8211; fim de um ciclo &#8211; n\u00e3o pode significar fracasso. Ao inv\u00e9s disso, deve representar a passagem para uma nova etapa. O Mestre ensina: a morte \u00e9 caminho para uma vida que n\u00e3o passa, cuja garantia vem d\u2019Aquele que morreu e ressuscitou, Jesus Cristo, o \u00fanico Senhor e Salvador. Na morte de Jesus, a morte humana, experi\u00eancia sob o signo do pecado, torna-se acesso \u00e0 vida. Deus permanece fiel ao ressuscitar Jesus para uma vida nova.<\/p>\n<p>Identificada com a morte de Cristo, a morte humana torna-se sacramento pascal da passagem deste mundo para o Pai. A morte, assim, fecha um ciclo, o tempo que \u00e9 dado a cada pessoa, como dom de Deus. Compreende-se, no horizonte desse desfecho decisivo, a import\u00e2ncia de se gerenciar, com qualidade, os diversos ciclos da exist\u00eancia. \u00c9 imprescind\u00edvel qualificar-se, humana e espiritualmente, para reger os diferentes processos da vida, de modo adequado.<\/p>\n<p>A sabedoria para se viver ciclos conta muito tamb\u00e9m na configura\u00e7\u00e3o ou recomposi\u00e7\u00e3o do tecido social e pol\u00edtico de uma sociedade. As elei\u00e7\u00f5es de 2018, com suas peculiaridades e muitos desafios, significaram o fechamento de um momento pol\u00edtico. Agora, nos primeiros passos de uma nova etapa, \u00e9 ainda mais fundamental a participa\u00e7\u00e3o dos cidad\u00e3os, das institui\u00e7\u00f5es e diferentes segmentos da sociedade. Configura-se no horizonte a exig\u00eancia de reformula\u00e7\u00f5es profundas, a substitui\u00e7\u00e3o de din\u00e2micas, a ado\u00e7\u00e3o de t\u00e9cnicas modernas para respostas eficazes. Um tempo para repensar e redefinir a sociedade brasileira.<\/p>\n<p>N\u00e3o falte lucidez para o <em>mea culpa<\/em> que se fizer necess\u00e1rio, nem a abertura para o di\u00e1logo, de modo a superar intoler\u00e2ncias. Assim n\u00e3o se perder\u00e1 o valor da democracia. Cada pessoa e diferentes institui\u00e7\u00f5es estar\u00e3o unidas para superar destrutivas polariza\u00e7\u00f5es e acusa\u00e7\u00f5es. As muitas diferen\u00e7as n\u00e3o ser\u00e3o obst\u00e1culos para os avan\u00e7os, pois prevalecer\u00e1 a for\u00e7a da unidade e da comunh\u00e3o que permitem ao povo se reconhecer como pertencente a uma mesma p\u00e1tria. Avan\u00e7os e corre\u00e7\u00f5es, conquistas e novas respostas ser\u00e3o poss\u00edveis se todos forem aprendizes da sabedoria dos ciclos.<\/p>\n<p>Dom Walmor Oliveira de Azevedo<\/p>\n<p>Arcebispo metropolitano de Belo Horizonte (MG)<\/p>\n","protected":false},"excerpt":{"rendered":"<p>A sabedoria dos ciclos ensina, com simplicidade, que a vida se configura a partir de elos que se abrem e se fecham. Importante saber a hora certa para iniciar um ciclo ou fech\u00e1-lo. Administrar de forma equivocada os ciclos da vida resulta em perdas. Paga-se caro pela falta de sabedoria na gest\u00e3o de diferentes fases.&nbsp;<\/p>\n<p><a class=\"btn btn-style\" href=\"http:\/\/portalcatolico.net\/portal\/a-sabedoria-dos-ciclos\/\">Continue Reading<\/a><\/p>\n","protected":false},"author":2,"featured_media":61328,"comment_status":"open","ping_status":"open","sticky":false,"template":"","format":"standard","meta":{"footnotes":""},"categories":[69],"tags":[],"class_list":["post-61327","post","type-post","status-publish","format-standard","has-post-thumbnail","hentry","category-artigos"],"_links":{"self":[{"href":"http:\/\/portalcatolico.net\/portal\/wp-json\/wp\/v2\/posts\/61327","targetHints":{"allow":["GET"]}}],"collection":[{"href":"http:\/\/portalcatolico.net\/portal\/wp-json\/wp\/v2\/posts"}],"about":[{"href":"http:\/\/portalcatolico.net\/portal\/wp-json\/wp\/v2\/types\/post"}],"author":[{"embeddable":true,"href":"http:\/\/portalcatolico.net\/portal\/wp-json\/wp\/v2\/users\/2"}],"replies":[{"embeddable":true,"href":"http:\/\/portalcatolico.net\/portal\/wp-json\/wp\/v2\/comments?post=61327"}],"version-history":[{"count":1,"href":"http:\/\/portalcatolico.net\/portal\/wp-json\/wp\/v2\/posts\/61327\/revisions"}],"predecessor-version":[{"id":61329,"href":"http:\/\/portalcatolico.net\/portal\/wp-json\/wp\/v2\/posts\/61327\/revisions\/61329"}],"wp:featuredmedia":[{"embeddable":true,"href":"http:\/\/portalcatolico.net\/portal\/wp-json\/wp\/v2\/media\/61328"}],"wp:attachment":[{"href":"http:\/\/portalcatolico.net\/portal\/wp-json\/wp\/v2\/media?parent=61327"}],"wp:term":[{"taxonomy":"category","embeddable":true,"href":"http:\/\/portalcatolico.net\/portal\/wp-json\/wp\/v2\/categories?post=61327"},{"taxonomy":"post_tag","embeddable":true,"href":"http:\/\/portalcatolico.net\/portal\/wp-json\/wp\/v2\/tags?post=61327"}],"curies":[{"name":"wp","href":"https:\/\/api.w.org\/{rel}","templated":true}]}}