{"id":61324,"date":"2018-11-05T19:45:52","date_gmt":"2018-11-05T22:45:52","guid":{"rendered":"http:\/\/portalcatolico.net\/portal\/?p=61324"},"modified":"2018-11-05T19:45:52","modified_gmt":"2018-11-05T22:45:52","slug":"igreja-e-convento-da-palma-ficarao-sob-os-cuidados-da-fraternidade-samaritanos-beneditinos","status":"publish","type":"post","link":"http:\/\/portalcatolico.net\/portal\/igreja-e-convento-da-palma-ficarao-sob-os-cuidados-da-fraternidade-samaritanos-beneditinos\/","title":{"rendered":"Igreja e Convento da Palma ficar\u00e3o sob os cuidados da Fraternidade Samaritanos Beneditinos"},"content":{"rendered":"<p>Nesta segunda-feira, dia 5 de novembro, o Arcebispo de Salvador e Primaz do Brasil, Dom Murilo Krieger, entregar\u00e1 a Igreja e o Convento Nossa Senhora da Palma&nbsp; para ficar sob os cuidados da Fraternidade Samaritanos Beneditinos. A Missa ter\u00e1 in\u00edcio \u00e0s 17h, na Igreja (Largo da Palma, s\/n, Mouraria).<\/p>\n<p><strong>&nbsp;<\/strong><strong>Um pouco de hist\u00f3ria<\/strong><\/p>\n<p>A Igreja e o Convento Nossa Senhora da Palma&nbsp;foram constru\u00eddos sobre o \u201cMonte das Palmas\u201d, uma das primeiras \u00e1reas de expans\u00e3o da cidade de Salvador. A Igreja data de 1630 e \u00e9 conhecida como um ex-voto em agradecimento a uma gra\u00e7a alcan\u00e7ada por Bernardino da Cruz Arraes.<\/p>\n<p>Erguido em torno de um p\u00e1tio retangular, ladeado pela Igreja, o Convento teve a obra de constru\u00e7\u00e3o iniciada em 1670, sendo, neste mesmo per\u00edodo, a Igreja ampliada. Inicialmente sob os cuidados da Ordem dos Agostinhos Descal\u00e7os, que retornou para Portugal, o templo foi transferido para a Irmandade do Senhor da Cruz no ano de 1822.<\/p>\n<p>A planta da Igreja possui formato de \u201cT\u201d e \u00e9 composta&nbsp;por nave, sacristia subdividida e acrescidos corredores laterais e tribunas. A fachada tem elementos em estilo rococ\u00f3, encimada por front\u00e3o com volutas e nicho, flanqueada por torre com termina\u00e7\u00e3o piramidal. O interior&nbsp; do templo \u00e9 uma transi\u00e7\u00e3o do rococ\u00f3 e neocl\u00e1ssico, e o teto da nave possui pintura ilusionista barroca, atribu\u00edda a Ver\u00edssimo de Souza Freitas.<\/p>\n<p>Por Sara Gomes\/Arquidiocese de Salvador&nbsp;<\/p>\n","protected":false},"excerpt":{"rendered":"<p>Nesta segunda-feira, dia 5 de novembro, o Arcebispo de Salvador e Primaz do Brasil, Dom Murilo Krieger, entregar\u00e1 a Igreja e o Convento Nossa Senhora da Palma&nbsp; para ficar sob os cuidados da Fraternidade Samaritanos Beneditinos. A Missa ter\u00e1 in\u00edcio \u00e0s 17h, na Igreja (Largo da Palma, s\/n, Mouraria). &nbsp;Um pouco de hist\u00f3ria A Igreja&nbsp;<\/p>\n<p><a class=\"btn btn-style\" href=\"http:\/\/portalcatolico.net\/portal\/igreja-e-convento-da-palma-ficarao-sob-os-cuidados-da-fraternidade-samaritanos-beneditinos\/\">Continue Reading<\/a><\/p>\n","protected":false},"author":2,"featured_media":61325,"comment_status":"open","ping_status":"open","sticky":false,"template":"","format":"standard","meta":{"footnotes":""},"categories":[69],"tags":[],"class_list":["post-61324","post","type-post","status-publish","format-standard","has-post-thumbnail","hentry","category-artigos"],"_links":{"self":[{"href":"http:\/\/portalcatolico.net\/portal\/wp-json\/wp\/v2\/posts\/61324","targetHints":{"allow":["GET"]}}],"collection":[{"href":"http:\/\/portalcatolico.net\/portal\/wp-json\/wp\/v2\/posts"}],"about":[{"href":"http:\/\/portalcatolico.net\/portal\/wp-json\/wp\/v2\/types\/post"}],"author":[{"embeddable":true,"href":"http:\/\/portalcatolico.net\/portal\/wp-json\/wp\/v2\/users\/2"}],"replies":[{"embeddable":true,"href":"http:\/\/portalcatolico.net\/portal\/wp-json\/wp\/v2\/comments?post=61324"}],"version-history":[{"count":1,"href":"http:\/\/portalcatolico.net\/portal\/wp-json\/wp\/v2\/posts\/61324\/revisions"}],"predecessor-version":[{"id":61326,"href":"http:\/\/portalcatolico.net\/portal\/wp-json\/wp\/v2\/posts\/61324\/revisions\/61326"}],"wp:featuredmedia":[{"embeddable":true,"href":"http:\/\/portalcatolico.net\/portal\/wp-json\/wp\/v2\/media\/61325"}],"wp:attachment":[{"href":"http:\/\/portalcatolico.net\/portal\/wp-json\/wp\/v2\/media?parent=61324"}],"wp:term":[{"taxonomy":"category","embeddable":true,"href":"http:\/\/portalcatolico.net\/portal\/wp-json\/wp\/v2\/categories?post=61324"},{"taxonomy":"post_tag","embeddable":true,"href":"http:\/\/portalcatolico.net\/portal\/wp-json\/wp\/v2\/tags?post=61324"}],"curies":[{"name":"wp","href":"https:\/\/api.w.org\/{rel}","templated":true}]}}