{"id":61321,"date":"2018-11-05T06:18:06","date_gmt":"2018-11-05T09:18:06","guid":{"rendered":"http:\/\/portalcatolico.net\/portal\/?p=61321"},"modified":"2018-11-05T06:18:34","modified_gmt":"2018-11-05T09:18:34","slug":"formacao-para-meces-acontece-em-itabuna","status":"publish","type":"post","link":"http:\/\/portalcatolico.net\/portal\/formacao-para-meces-acontece-em-itabuna\/","title":{"rendered":"Forma\u00e7\u00e3o para MECE&#8217;S acontece em Itabuna"},"content":{"rendered":"<div dir=\"auto\">A Diocese de Itabuna concluiu neste final de semana, nos dias 03 e 04, no Centro Pastoral Diocesano da cidade de Itabuna, a Forma\u00e7\u00e3o para MECE&#8217;S. Participaram mais de 50 membros da Forania sul. As Foranias Norte e Centro j\u00e1 foram conclu\u00eddas.<\/div>\n<div dir=\"auto\">Ap\u00f3s o Conc\u00edlio do Vaticano II (1962-65), o Papa Paulo VI autorizou a institui\u00e7\u00e3o dos Ministros Extraordin\u00e1rios da Sagrada Comunh\u00e3o (MECE\u00b4s), que s\u00e3o fi\u00e9is leigos, que t\u00eam a miss\u00e3o de facilitar aos celebrantes a distribui\u00e7\u00e3o da Sagrada Comunh\u00e3o em igrejas, capelas, hospitais, aos doentes nas casas e outros lugares, desde que o sacerdote n\u00e3o possa fazer isso. E diante da import\u00e2ncia desta miss\u00e3o, a Diocese de Itabuna, no sul da Bahia, encerrou a realiza\u00e7\u00e3o de forma\u00e7\u00f5es para este segmento da Igreja neste ano de 2018.&nbsp;<\/div>\n<div dir=\"auto\">As palestras foram realizadas por padres, di\u00e1conos, religiosos e o bispo diocesano. A \u00faltima palestra do evento foi com Dom Carlos Alberto e o assunto foi sobre os objetos sagrados. O bispo falou dos objetos sagrados e tirou d\u00favidas dos novos ministros. Ele aproveitou o momento para agradecer: &#8220;A gente agradece a Deus e \u00e0s par\u00f3quias por terem mandado esses irm\u00e3os que colaboram na forma\u00e7\u00e3o e sobretudo na administra\u00e7\u00e3o da sagrada comunh\u00e3o aos nossos doentes&#8221;.<\/div>\n<div dir=\"auto\">A Celebra\u00e7\u00e3o Eucar\u00edstica\/missa de envio aconteceu \u00e0s 11h30 e foi presidida por Dom Carlos Alberto e concelebrada pelo di\u00e1conos Trajano Oswaldo.&nbsp;<\/div>\n<div dir=\"auto\">&nbsp;<\/div>\n<div dir=\"auto\">\u00c1lbuns de fotos.<a href=\"http:\/\/portalcatolico.net\/portal\/formacao-para-ministro-da-eucaristia-mece\/?fbclid=IwAR2sMB0RtgLfDYHV_IXXnB1v2fzWd3V2000tItc_bZpB1UvjPJgwLDRw_-c\"><strong>Clique aqui e confira<\/strong><\/a><\/div>\n","protected":false},"excerpt":{"rendered":"<p>A Diocese de Itabuna concluiu neste final de semana, nos dias 03 e 04, no Centro Pastoral Diocesano da cidade de Itabuna, a Forma\u00e7\u00e3o para MECE&#8217;S. Participaram mais de 50 membros da Forania sul. As Foranias Norte e Centro j\u00e1 foram conclu\u00eddas. Ap\u00f3s o Conc\u00edlio do Vaticano II (1962-65), o Papa Paulo VI autorizou a&nbsp;<\/p>\n<p><a class=\"btn btn-style\" href=\"http:\/\/portalcatolico.net\/portal\/formacao-para-meces-acontece-em-itabuna\/\">Continue Reading<\/a><\/p>\n","protected":false},"author":2,"featured_media":61322,"comment_status":"open","ping_status":"open","sticky":false,"template":"","format":"standard","meta":{"footnotes":""},"categories":[65],"tags":[],"class_list":["post-61321","post","type-post","status-publish","format-standard","has-post-thumbnail","hentry","category-entrevistas"],"_links":{"self":[{"href":"http:\/\/portalcatolico.net\/portal\/wp-json\/wp\/v2\/posts\/61321","targetHints":{"allow":["GET"]}}],"collection":[{"href":"http:\/\/portalcatolico.net\/portal\/wp-json\/wp\/v2\/posts"}],"about":[{"href":"http:\/\/portalcatolico.net\/portal\/wp-json\/wp\/v2\/types\/post"}],"author":[{"embeddable":true,"href":"http:\/\/portalcatolico.net\/portal\/wp-json\/wp\/v2\/users\/2"}],"replies":[{"embeddable":true,"href":"http:\/\/portalcatolico.net\/portal\/wp-json\/wp\/v2\/comments?post=61321"}],"version-history":[{"count":1,"href":"http:\/\/portalcatolico.net\/portal\/wp-json\/wp\/v2\/posts\/61321\/revisions"}],"predecessor-version":[{"id":61323,"href":"http:\/\/portalcatolico.net\/portal\/wp-json\/wp\/v2\/posts\/61321\/revisions\/61323"}],"wp:featuredmedia":[{"embeddable":true,"href":"http:\/\/portalcatolico.net\/portal\/wp-json\/wp\/v2\/media\/61322"}],"wp:attachment":[{"href":"http:\/\/portalcatolico.net\/portal\/wp-json\/wp\/v2\/media?parent=61321"}],"wp:term":[{"taxonomy":"category","embeddable":true,"href":"http:\/\/portalcatolico.net\/portal\/wp-json\/wp\/v2\/categories?post=61321"},{"taxonomy":"post_tag","embeddable":true,"href":"http:\/\/portalcatolico.net\/portal\/wp-json\/wp\/v2\/tags?post=61321"}],"curies":[{"name":"wp","href":"https:\/\/api.w.org\/{rel}","templated":true}]}}