{"id":61318,"date":"2018-11-05T06:09:16","date_gmt":"2018-11-05T09:09:16","guid":{"rendered":"http:\/\/portalcatolico.net\/portal\/?p=61318"},"modified":"2018-11-05T06:13:57","modified_gmt":"2018-11-05T09:13:57","slug":"missa-da-confirmacao-do-crisma-acontece-em-itabuna","status":"publish","type":"post","link":"http:\/\/portalcatolico.net\/portal\/missa-da-confirmacao-do-crisma-acontece-em-itabuna\/","title":{"rendered":"Missa da confirma\u00e7\u00e3o do Crisma acontece em Itabuna"},"content":{"rendered":"<div dir=\"auto\">A Par\u00f3quia Nossa Senhora da Piedade na cidade e Diocese de Itabuna realizou neste domingo, 04 de novembro, \u00e0s 18, a missa de confirma\u00e7\u00e3o do Crisma que \u00e9 o Sacramento da Igreja Cat\u00f3lica em que, atrav\u00e9s das m\u00e3os do Bispo, o crismando recebe a un\u00e7\u00e3o com o Crisma, que \u00e9 o \u00f3leo de oliveira aben\u00e7oado na Quinta-feira Santa, por ocasi\u00e3o da Semana Santa.&nbsp;<\/div>\n<div dir=\"auto\">Presidiu a Santa Missa da Confirma\u00e7\u00e3o, o Bispo Diocesano Dom Carlos Alberto dos Santos. A concelebra\u00e7\u00e3o foi feita pelo Pe. Frei Ivanilton O. dos Santos, MsS, p\u00e1roco da Igreja Matriz; pelo Frei Pe. Ewerton Francisco, vig\u00e1rio paroquial e pelo Di\u00e1cono Esmeraldo Pio Sardinha.<\/div>\n<div dir=\"auto\">Nove&nbsp; jovens de todas as comunidades da par\u00f3quia receberam o Sacramento do Crisma.<\/div>\n<div dir=\"auto\">&nbsp;<\/div>\n<div dir=\"auto\">Dom Carlos Alberto dos Santos fez a imposi\u00e7\u00e3o das m\u00e3os na cabe\u00e7a de cada crismando, ungiu-os com o \u00d3leo do Crisma e disse-lhes: &#8220;Recebe por este sinal o Esp\u00edrito Santo, Dom de DEUS. &#8220;, e cada crismando respondeu: &#8220;Am\u00e9m&#8221;. E \u00e9 atrav\u00e9s dessa un\u00e7\u00e3o, que o crismando obt\u00e9m a for\u00e7a para testemunhar o amor e o poder do Senhor com palavras e atos, sendo assim membro leg\u00edtimo e respons\u00e1vel da Igreja Cat\u00f3lica Apost\u00f3lica Romana.<\/div>\n","protected":false},"excerpt":{"rendered":"<p>A Par\u00f3quia Nossa Senhora da Piedade na cidade e Diocese de Itabuna realizou neste domingo, 04 de novembro, \u00e0s 18, a missa de confirma\u00e7\u00e3o do Crisma que \u00e9 o Sacramento da Igreja Cat\u00f3lica em que, atrav\u00e9s das m\u00e3os do Bispo, o crismando recebe a un\u00e7\u00e3o com o Crisma, que \u00e9 o \u00f3leo de oliveira aben\u00e7oado&nbsp;<\/p>\n<p><a class=\"btn btn-style\" href=\"http:\/\/portalcatolico.net\/portal\/missa-da-confirmacao-do-crisma-acontece-em-itabuna\/\">Continue Reading<\/a><\/p>\n","protected":false},"author":2,"featured_media":61319,"comment_status":"open","ping_status":"open","sticky":false,"template":"","format":"standard","meta":{"footnotes":""},"categories":[4],"tags":[],"class_list":["post-61318","post","type-post","status-publish","format-standard","has-post-thumbnail","hentry","category-destaques"],"_links":{"self":[{"href":"http:\/\/portalcatolico.net\/portal\/wp-json\/wp\/v2\/posts\/61318","targetHints":{"allow":["GET"]}}],"collection":[{"href":"http:\/\/portalcatolico.net\/portal\/wp-json\/wp\/v2\/posts"}],"about":[{"href":"http:\/\/portalcatolico.net\/portal\/wp-json\/wp\/v2\/types\/post"}],"author":[{"embeddable":true,"href":"http:\/\/portalcatolico.net\/portal\/wp-json\/wp\/v2\/users\/2"}],"replies":[{"embeddable":true,"href":"http:\/\/portalcatolico.net\/portal\/wp-json\/wp\/v2\/comments?post=61318"}],"version-history":[{"count":1,"href":"http:\/\/portalcatolico.net\/portal\/wp-json\/wp\/v2\/posts\/61318\/revisions"}],"predecessor-version":[{"id":61320,"href":"http:\/\/portalcatolico.net\/portal\/wp-json\/wp\/v2\/posts\/61318\/revisions\/61320"}],"wp:featuredmedia":[{"embeddable":true,"href":"http:\/\/portalcatolico.net\/portal\/wp-json\/wp\/v2\/media\/61319"}],"wp:attachment":[{"href":"http:\/\/portalcatolico.net\/portal\/wp-json\/wp\/v2\/media?parent=61318"}],"wp:term":[{"taxonomy":"category","embeddable":true,"href":"http:\/\/portalcatolico.net\/portal\/wp-json\/wp\/v2\/categories?post=61318"},{"taxonomy":"post_tag","embeddable":true,"href":"http:\/\/portalcatolico.net\/portal\/wp-json\/wp\/v2\/tags?post=61318"}],"curies":[{"name":"wp","href":"https:\/\/api.w.org\/{rel}","templated":true}]}}