{"id":61219,"date":"2018-11-05T00:01:45","date_gmt":"2018-11-05T03:01:45","guid":{"rendered":"http:\/\/portalcatolico.net\/portal\/?p=61219"},"modified":"2018-11-05T00:03:00","modified_gmt":"2018-11-05T03:03:00","slug":"fieis-demonstram-seus-carinhos-e-despedem-se-do-padre-marcos-em-pau-brasil","status":"publish","type":"post","link":"http:\/\/portalcatolico.net\/portal\/fieis-demonstram-seus-carinhos-e-despedem-se-do-padre-marcos-em-pau-brasil\/","title":{"rendered":"Fieis demonstram seus carinhos e despedem-se do padre Marcos em Pau Brasil"},"content":{"rendered":"<div dir=\"auto\">Ap\u00f3s quase 06 anos \u00e0 frente da Par\u00f3quia Luzia, no munic\u00edpio baiano de Pau Brasil, o Padre Marcos Roberto, Palatino, despediu-se dos paroquianos na manh\u00e3 deste domingo (04), durante missa na igreja matriz.&nbsp;<\/div>\n<div dir=\"auto\">A missa solene em homenagem ao padre Marcos aconteceu \u00e0s 8h e foi concelebrada pelo Pe. Anderson.<\/div>\n<div dir=\"auto\">&nbsp; Padre Marcos est\u00e1 sendo transferido para a par\u00f3quia na cidade de Arapongas estado de S\u00e3o Paulo, para a Diocese de Apucarana .&nbsp;<\/div>\n<div dir=\"auto\">A posse do novo p\u00e1roco respons\u00e1vel pela paroquia ser\u00e1 em 16 de novembro \u00e0s 19h.<\/div>\n<div dir=\"auto\">A missa de despedida foi emocionante. Muitos paroquianos n\u00e3o seguraram as l\u00e1grimas, pois padre Marcos \u00e9 muito querido!&nbsp; Na mensagem de despedida, ele disse: &#8220;Eu desejo ardentemente de cora\u00e7\u00e3o que essa comunidade seja santa e que tenha consci\u00eancia de que vale a pena seguir a Cristo&#8221;.<\/div>\n<div dir=\"auto\">&nbsp;<\/div>\n<div dir=\"auto\">Fotos:Reprodu\u00e7\u00e3o\/Facebook<\/div>\n<div dir=\"auto\"><img loading=\"lazy\" decoding=\"async\" class=\"wp-image-61232 aligncenter\" src=\"http:\/\/portalcatolico.net\/portal\/wp-content\/uploads\/2018\/11\/45345830_119313125727682_5059206144493355008_n-3-300x169.jpg\" alt=\"\" width=\"824\" height=\"464\" srcset=\"http:\/\/portalcatolico.net\/portal\/wp-content\/uploads\/2018\/11\/45345830_119313125727682_5059206144493355008_n-3-300x169.jpg 300w, http:\/\/portalcatolico.net\/portal\/wp-content\/uploads\/2018\/11\/45345830_119313125727682_5059206144493355008_n-3-768x432.jpg 768w, http:\/\/portalcatolico.net\/portal\/wp-content\/uploads\/2018\/11\/45345830_119313125727682_5059206144493355008_n-3.jpg 960w\" sizes=\"auto, (max-width: 824px) 100vw, 824px\" \/><img loading=\"lazy\" decoding=\"async\" class=\"wp-image-61245 aligncenter\" src=\"http:\/\/portalcatolico.net\/portal\/wp-content\/uploads\/2018\/11\/45351669_119312949061033_7825398295546560512_n-300x169.jpg\" alt=\"\" width=\"824\" height=\"464\" srcset=\"http:\/\/portalcatolico.net\/portal\/wp-content\/uploads\/2018\/11\/45351669_119312949061033_7825398295546560512_n-300x169.jpg 300w, http:\/\/portalcatolico.net\/portal\/wp-content\/uploads\/2018\/11\/45351669_119312949061033_7825398295546560512_n-768x432.jpg 768w, http:\/\/portalcatolico.net\/portal\/wp-content\/uploads\/2018\/11\/45351669_119312949061033_7825398295546560512_n.jpg 960w\" sizes=\"auto, (max-width: 824px) 100vw, 824px\" \/><\/div>\n","protected":false},"excerpt":{"rendered":"<p>Ap\u00f3s quase 06 anos \u00e0 frente da Par\u00f3quia Luzia, no munic\u00edpio baiano de Pau Brasil, o Padre Marcos Roberto, Palatino, despediu-se dos paroquianos na manh\u00e3 deste domingo (04), durante missa na igreja matriz.&nbsp; A missa solene em homenagem ao padre Marcos aconteceu \u00e0s 8h e foi concelebrada pelo Pe. Anderson. &nbsp; Padre Marcos est\u00e1 sendo&nbsp;<\/p>\n<p><a class=\"btn btn-style\" href=\"http:\/\/portalcatolico.net\/portal\/fieis-demonstram-seus-carinhos-e-despedem-se-do-padre-marcos-em-pau-brasil\/\">Continue Reading<\/a><\/p>\n","protected":false},"author":2,"featured_media":61237,"comment_status":"open","ping_status":"open","sticky":false,"template":"","format":"standard","meta":{"footnotes":""},"categories":[68],"tags":[],"class_list":["post-61219","post","type-post","status-publish","format-standard","has-post-thumbnail","hentry","category-homilias"],"_links":{"self":[{"href":"http:\/\/portalcatolico.net\/portal\/wp-json\/wp\/v2\/posts\/61219","targetHints":{"allow":["GET"]}}],"collection":[{"href":"http:\/\/portalcatolico.net\/portal\/wp-json\/wp\/v2\/posts"}],"about":[{"href":"http:\/\/portalcatolico.net\/portal\/wp-json\/wp\/v2\/types\/post"}],"author":[{"embeddable":true,"href":"http:\/\/portalcatolico.net\/portal\/wp-json\/wp\/v2\/users\/2"}],"replies":[{"embeddable":true,"href":"http:\/\/portalcatolico.net\/portal\/wp-json\/wp\/v2\/comments?post=61219"}],"version-history":[{"count":3,"href":"http:\/\/portalcatolico.net\/portal\/wp-json\/wp\/v2\/posts\/61219\/revisions"}],"predecessor-version":[{"id":61251,"href":"http:\/\/portalcatolico.net\/portal\/wp-json\/wp\/v2\/posts\/61219\/revisions\/61251"}],"wp:featuredmedia":[{"embeddable":true,"href":"http:\/\/portalcatolico.net\/portal\/wp-json\/wp\/v2\/media\/61237"}],"wp:attachment":[{"href":"http:\/\/portalcatolico.net\/portal\/wp-json\/wp\/v2\/media?parent=61219"}],"wp:term":[{"taxonomy":"category","embeddable":true,"href":"http:\/\/portalcatolico.net\/portal\/wp-json\/wp\/v2\/categories?post=61219"},{"taxonomy":"post_tag","embeddable":true,"href":"http:\/\/portalcatolico.net\/portal\/wp-json\/wp\/v2\/tags?post=61219"}],"curies":[{"name":"wp","href":"https:\/\/api.w.org\/{rel}","templated":true}]}}