{"id":61115,"date":"2018-11-04T23:48:09","date_gmt":"2018-11-05T02:48:09","guid":{"rendered":"http:\/\/portalcatolico.net\/portal\/?p=61115"},"modified":"2018-11-04T23:48:09","modified_gmt":"2018-11-05T02:48:09","slug":"colo-de-deus-se-apresenta-em-canavieiras","status":"publish","type":"post","link":"http:\/\/portalcatolico.net\/portal\/colo-de-deus-se-apresenta-em-canavieiras\/","title":{"rendered":"Colo de Deus se apresenta em Canavieiras"},"content":{"rendered":"<div dir=\"auto\"><img loading=\"lazy\" decoding=\"async\" class=\"wp-image-61135 aligncenter\" src=\"http:\/\/portalcatolico.net\/portal\/wp-content\/uploads\/2018\/11\/IMG_0413-300x200.jpg\" alt=\"\" width=\"819\" height=\"546\" srcset=\"http:\/\/portalcatolico.net\/portal\/wp-content\/uploads\/2018\/11\/IMG_0413-300x200.jpg 300w, http:\/\/portalcatolico.net\/portal\/wp-content\/uploads\/2018\/11\/IMG_0413-768x512.jpg 768w, http:\/\/portalcatolico.net\/portal\/wp-content\/uploads\/2018\/11\/IMG_0413.jpg 1000w\" sizes=\"auto, (max-width: 819px) 100vw, 819px\" \/>Os festejos aos 40 anos da Diocese de Itabuna continuam at\u00e9 domingo dia 11, com o encerramento no Est\u00e1dio Luiz Viana Filho em Itabuna e a par\u00f3quia S\u00e3o Boaventura em Canavieiras n\u00e3o poderia ficar de fora. Para celebrar os 40 anos e por ser a par\u00f3quia mais antiga (300 anos) e que comp\u00f5e a Forania Sul, a Par\u00f3quia S\u00e3o Boaventura celebrou com as demais par\u00f3quias (ao todo, 11), com uma missa e em seguida, com a banda cat\u00f3lica Colo de Deus de Curitiba.<\/div>\n<div dir=\"auto\">Os membros da Comunidade Cat\u00f3lica Colo de Deus, Hugo Santos (fundador da Comunidade) e Mayara Marques conversaram com nossa reportagem.<\/div>\n<div dir=\"auto\">Na oportunidade, Hugo falou um pouco da hist\u00f3ria da Comunica\u00e7\u00e3o Colo de Deus: &#8220;Ela nasceu h\u00e1 15 anos no Rio de Janeiro, com um pequeno grupo de jovens&nbsp; que se reunia para rezar o ter\u00e7o nas casas.&#8221; E explicou como \u00e9 o trabalho de evangeliza\u00e7\u00e3o: &#8220;Temos um trabalho mission\u00e1rio. Estamos mais na rua do que dentro da Igreja. A gente n\u00e3o faz um trabalho efetivo dentro de uma par\u00f3quia. Trabalhamos com a evangeliza\u00e7\u00e3o fora dos muros como pediu o Papa Francisco.&#8221;<\/div>\n<div dir=\"auto\">Segundo Hugo, a Comunidade \u00e9 dividida em Membros de Vida e Membros de Alian\u00e7as, sendo que s\u00e3o 160 pessoas na de Vida e 200 na de Alian\u00e7a.&nbsp;<\/div>\n<div dir=\"auto\">Mayara Marques contou um pouco da sua hist\u00f3ria com a Comunidade: &#8220;Conheci a Comunidade num retiro no sul do Paran\u00e1 e foi l\u00e1 onde eu tive um encontro com Deus e depois me converti.&#8221;&nbsp;<\/div>\n<div dir=\"auto\">Emocionada, ela disse: &#8220;O Colo de Deus \u00e9 a minha casa, a minha voca\u00e7\u00e3o, \u00e9 o lugar onde encontro paz&#8221;, finalizou.<\/div>\n<div dir=\"auto\">&nbsp;<\/div>\n<div dir=\"auto\">Foto:Acervo\/Portal Cat\u00f3lico.Net<\/div>\n","protected":false},"excerpt":{"rendered":"<p>Os festejos aos 40 anos da Diocese de Itabuna continuam at\u00e9 domingo dia 11, com o encerramento no Est\u00e1dio Luiz Viana Filho em Itabuna e a par\u00f3quia S\u00e3o Boaventura em Canavieiras n\u00e3o poderia ficar de fora. Para celebrar os 40 anos e por ser a par\u00f3quia mais antiga (300 anos) e que comp\u00f5e a Forania&nbsp;<\/p>\n<p><a class=\"btn btn-style\" href=\"http:\/\/portalcatolico.net\/portal\/colo-de-deus-se-apresenta-em-canavieiras\/\">Continue Reading<\/a><\/p>\n","protected":false},"author":2,"featured_media":61130,"comment_status":"open","ping_status":"open","sticky":false,"template":"","format":"standard","meta":{"footnotes":""},"categories":[65],"tags":[],"class_list":["post-61115","post","type-post","status-publish","format-standard","has-post-thumbnail","hentry","category-entrevistas"],"_links":{"self":[{"href":"http:\/\/portalcatolico.net\/portal\/wp-json\/wp\/v2\/posts\/61115","targetHints":{"allow":["GET"]}}],"collection":[{"href":"http:\/\/portalcatolico.net\/portal\/wp-json\/wp\/v2\/posts"}],"about":[{"href":"http:\/\/portalcatolico.net\/portal\/wp-json\/wp\/v2\/types\/post"}],"author":[{"embeddable":true,"href":"http:\/\/portalcatolico.net\/portal\/wp-json\/wp\/v2\/users\/2"}],"replies":[{"embeddable":true,"href":"http:\/\/portalcatolico.net\/portal\/wp-json\/wp\/v2\/comments?post=61115"}],"version-history":[{"count":1,"href":"http:\/\/portalcatolico.net\/portal\/wp-json\/wp\/v2\/posts\/61115\/revisions"}],"predecessor-version":[{"id":61140,"href":"http:\/\/portalcatolico.net\/portal\/wp-json\/wp\/v2\/posts\/61115\/revisions\/61140"}],"wp:featuredmedia":[{"embeddable":true,"href":"http:\/\/portalcatolico.net\/portal\/wp-json\/wp\/v2\/media\/61130"}],"wp:attachment":[{"href":"http:\/\/portalcatolico.net\/portal\/wp-json\/wp\/v2\/media?parent=61115"}],"wp:term":[{"taxonomy":"category","embeddable":true,"href":"http:\/\/portalcatolico.net\/portal\/wp-json\/wp\/v2\/categories?post=61115"},{"taxonomy":"post_tag","embeddable":true,"href":"http:\/\/portalcatolico.net\/portal\/wp-json\/wp\/v2\/tags?post=61115"}],"curies":[{"name":"wp","href":"https:\/\/api.w.org\/{rel}","templated":true}]}}