{"id":61030,"date":"2018-11-04T22:42:36","date_gmt":"2018-11-05T01:42:36","guid":{"rendered":"http:\/\/portalcatolico.net\/portal\/?p=61030"},"modified":"2018-11-04T23:12:19","modified_gmt":"2018-11-05T02:12:19","slug":"diocese-de-itabuna-comeca-a-comemorar-os-40-anos-em-canavieiras","status":"publish","type":"post","link":"http:\/\/portalcatolico.net\/portal\/diocese-de-itabuna-comeca-a-comemorar-os-40-anos-em-canavieiras\/","title":{"rendered":"Diocese de Itabuna come\u00e7a a comemorar os 40 anos em Canavieiras"},"content":{"rendered":"<div dir=\"auto\">As comemora\u00e7\u00f5es dos 40 anos da Diocese de Itabuna continuam at\u00e9 o dia 11 de novembro com v\u00e1rios eventos em todas as par\u00f3quias que comp\u00f5em a Diocese aniversariante. Na Par\u00f3quia de S\u00e3o Boaventura, na cidade de Canavieiras (BA), tiveram in\u00edcio neste s\u00e1bado, 03, \u00e0s 16h no litoral sul baiano, as comemora\u00e7\u00f5es do anivers\u00e1rio. Por ser a par\u00f3quia mais antiga da Diocese (300 anos).<\/div>\n<div dir=\"auto\">\n<p>A par\u00f3quia tem o padre Vin\u00edcius Mascarenhas como respons\u00e1vel pela Faronia sul que corresponde por onze par\u00f3quias, da Diocese de Itabuna. Na oportunidade, ele explicou o motivo das comemora\u00e7\u00f5es terem come\u00e7ado por l\u00e1: Padre Vin\u00edcius disse: &#8220;Eu pedi que esse evento fosse realizado em Canavieiras pelo fato de estarmos no ano de centen\u00e1rio da par\u00f3quia. Eu achei, por bem, comemorarmos dentro do ano dos 300 anos, os 40 anos da Diocese. Ent\u00e3o, foi conversado com o Bispo e ele ratificou o nosso pedido e n\u00f3s estamos celebrando hoje&#8221;.<\/p>\n<\/div>\n<div dir=\"auto\">\n<p>Com abertura oficial desta Faronia, as demais par\u00f3quias est\u00e3o celebrando em suas matrizes.<\/p>\n<\/div>\n<div dir=\"auto\">\n<p>\u00c0s 17h, aproximadamente duas mil pessoas sa\u00edram da entrada da cidade com a puxada com o trio, circulando pelas principais ruas e avenidas de Canavieiras numa caminhada de f\u00e9 .<\/p>\n<\/div>\n<div dir=\"auto\">Teve missa solene na igreja matriz e em seguida, show com a banda Colo de Deus. Neste domingo, teve forma\u00e7\u00e3o com a comunidade Colo de Deus para os paroquianos da Par\u00f3quia S\u00e3o Boaventura.&nbsp;<\/div>\n<div dir=\"auto\">As comemora\u00e7\u00f5es seguem ao longo da semana com v\u00e1rias atividades religiosas. Vale ressaltar que no s\u00e1bado, 03 de novembro, todas as 14 paroquias da Faronia Centro na cidade de Itabuna, das 19 \u00e0s 22h, realizaram Vig\u00edlia de Ora\u00e7\u00e3o em contagem regressiva para celebrar os 40 anos Jubileu da Diocese no pr\u00f3ximo domingo dia 11. Em breve, estaremos divulgado toda a programa\u00e7\u00e3o da festa dos 40 anos da diocese.<\/div>\n<div dir=\"auto\">&nbsp;<\/div>\n<div dir=\"auto\">Fotos:Acervo\/Portal Cat\u00f3lico.Net<\/div>\n<div dir=\"auto\">&nbsp;<\/div>\n<div dir=\"auto\">\u00c1lbuns de fotos clicando&nbsp;<a href=\"http:\/\/portalcatolico.net\/portal\/canavieiras-e-os-40-anos-da-diocese-de-itabuna\/\"><strong>AQUI<\/strong><\/a><\/div>\n","protected":false},"excerpt":{"rendered":"<p>As comemora\u00e7\u00f5es dos 40 anos da Diocese de Itabuna continuam at\u00e9 o dia 11 de novembro com v\u00e1rios eventos em todas as par\u00f3quias que comp\u00f5em a Diocese aniversariante. Na Par\u00f3quia de S\u00e3o Boaventura, na cidade de Canavieiras (BA), tiveram in\u00edcio neste s\u00e1bado, 03, \u00e0s 16h no litoral sul baiano, as comemora\u00e7\u00f5es do anivers\u00e1rio. Por ser&nbsp;<\/p>\n<p><a class=\"btn btn-style\" href=\"http:\/\/portalcatolico.net\/portal\/diocese-de-itabuna-comeca-a-comemorar-os-40-anos-em-canavieiras\/\">Continue Reading<\/a><\/p>\n","protected":false},"author":2,"featured_media":61031,"comment_status":"open","ping_status":"open","sticky":false,"template":"","format":"standard","meta":{"footnotes":""},"categories":[65],"tags":[],"class_list":["post-61030","post","type-post","status-publish","format-standard","has-post-thumbnail","hentry","category-entrevistas"],"_links":{"self":[{"href":"http:\/\/portalcatolico.net\/portal\/wp-json\/wp\/v2\/posts\/61030","targetHints":{"allow":["GET"]}}],"collection":[{"href":"http:\/\/portalcatolico.net\/portal\/wp-json\/wp\/v2\/posts"}],"about":[{"href":"http:\/\/portalcatolico.net\/portal\/wp-json\/wp\/v2\/types\/post"}],"author":[{"embeddable":true,"href":"http:\/\/portalcatolico.net\/portal\/wp-json\/wp\/v2\/users\/2"}],"replies":[{"embeddable":true,"href":"http:\/\/portalcatolico.net\/portal\/wp-json\/wp\/v2\/comments?post=61030"}],"version-history":[{"count":4,"href":"http:\/\/portalcatolico.net\/portal\/wp-json\/wp\/v2\/posts\/61030\/revisions"}],"predecessor-version":[{"id":61087,"href":"http:\/\/portalcatolico.net\/portal\/wp-json\/wp\/v2\/posts\/61030\/revisions\/61087"}],"wp:featuredmedia":[{"embeddable":true,"href":"http:\/\/portalcatolico.net\/portal\/wp-json\/wp\/v2\/media\/61031"}],"wp:attachment":[{"href":"http:\/\/portalcatolico.net\/portal\/wp-json\/wp\/v2\/media?parent=61030"}],"wp:term":[{"taxonomy":"category","embeddable":true,"href":"http:\/\/portalcatolico.net\/portal\/wp-json\/wp\/v2\/categories?post=61030"},{"taxonomy":"post_tag","embeddable":true,"href":"http:\/\/portalcatolico.net\/portal\/wp-json\/wp\/v2\/tags?post=61030"}],"curies":[{"name":"wp","href":"https:\/\/api.w.org\/{rel}","templated":true}]}}